{"id":1652,"date":"2023-09-26T10:01:08","date_gmt":"2023-09-26T10:01:08","guid":{"rendered":"https:\/\/www.gut-muellerhof.de\/?p=1652"},"modified":"2023-09-26T10:07:43","modified_gmt":"2023-09-26T10:07:43","slug":"betriebsbesichtigung-fuer-der-pferdesportverband-nrw-am-6-9-2023","status":"publish","type":"post","link":"https:\/\/www.gut-muellerhof.de\/?p=1652","title":{"rendered":"Betriebsbesichtigung f\u00fcr der Pferdesportverband NRW am 6.9.2023"},"content":{"rendered":"<p>[et_pb_section fb_built=&#8220;1&#8243; custom_padding_last_edited=&#8220;on|phone&#8220; admin_label=&#8220;About&#8220; _builder_version=&#8220;4.16&#8243; background_enable_image=&#8220;off&#8220; min_height=&#8220;1331.8px&#8220; custom_margin=&#8220;-8px|||||&#8220; custom_padding=&#8220;44px||10px|||&#8220; custom_padding_tablet=&#8220;50px||||false|false&#8220; custom_padding_phone=&#8220;&#8220; global_colors_info=&#8220;{}&#8220; theme_builder_area=&#8220;post_content&#8220;][et_pb_row _builder_version=&#8220;4.16&#8243; _module_preset=&#8220;default&#8220; global_colors_info=&#8220;{}&#8220; theme_builder_area=&#8220;post_content&#8220;][et_pb_column type=&#8220;4_4&#8243; _builder_version=&#8220;4.16&#8243; _module_preset=&#8220;default&#8220; global_colors_info=&#8220;{}&#8220; theme_builder_area=&#8220;post_content&#8220;][et_pb_text _builder_version=&#8220;4.22.2&#8243; _module_preset=&#8220;default&#8220; hover_enabled=&#8220;0&#8243; global_colors_info=&#8220;{}&#8220; theme_builder_area=&#8220;post_content&#8220; sticky_enabled=&#8220;0&#8243;]<\/p>\n<h1>Betriebsbesichtigung f\u00fcr der Pferdesportverband NRW<\/h1>\n<p>[\/et_pb_text][et_pb_text _builder_version=&#8220;4.22.2&#8243; _module_preset=&#8220;default&#8220; hover_enabled=&#8220;0&#8243; global_colors_info=&#8220;{}&#8220; theme_builder_area=&#8220;post_content&#8220; sticky_enabled=&#8220;0&#8243;]<\/p>\n<p>Gern haben wir der freundlichen Anfrage zur Betriebsbesichtigung unserer Gest\u00fctsanlage von Frau Dr. Ute Limbach, Mitglied des Pr\u00e4sidiums und Vertreterin der Pferdebetreibe des Pferdesportverbandes NRW zugestimmt.<\/p>\n<p>Diese fand dann am 6. September 2023 statt. Insgesamt 26 interessierte Mitglieder des Verbandes haben die Einladung wahrgenommen. Eine besondere Ehre f\u00fcr uns war, da\u00df Herr Friedrich Witte, Ehrenpr\u00e4sident des PSVR Rheinland zugegen war und unserem Gesamtkonzept eine sehr gute \u201eNote&#8220; verliehen hat.<\/p>\n<p>Nach der Begr\u00fc\u00dfung konnten wir den Teilnehmern viele Einblicke in die einzelnen Funktionsbereiche gew\u00e4hren und anschlie\u00dfend referierte Rainer Kohl im lockeren Rahmen \u00fcber die technische Ausr\u00fcstung der Anlage, das Haltungsprinzip und unserer Art des Umgangs mit den Pferden. Ebenso wurden die Tagesabl\u00e4ufe der und das Trainingssystem erkl\u00e4rt, welches im Wesentlichen auf der HDV Nr.12 basiert. \u00a0<\/p>\n<p>Zum Schluss haben unsere Mitarbeiterinnen die unterschiedlichen Trainingseinheiten der Frei- und Dressurarbeiten live vorgef\u00fchrt und einen gro\u00dfen Applaus erhalten. Es kamen interessante R\u00fcckfragen, die eine fachlich inspirierende Diskussionen zur Folge hatten. Insgesamt war es ein sch\u00f6ner Nachmittag bei wundersamsten &#8222;Kaiserwetter&#8220;.<\/p>\n<p>[\/et_pb_text][\/et_pb_column][\/et_pb_row][\/et_pb_section]<\/p>\n","protected":false},"excerpt":{"rendered":"<p>Betriebsbesichtigung f\u00fcr der Pferdesportverband NRWGern haben wir der freundlichen Anfrage zur Betriebsbesichtigung unserer Gest\u00fctsanlage von Frau Dr. Ute Limbach, Mitglied des Pr\u00e4sidiums und Vertreterin der Pferdebetreibe des Pferdesportverbandes NRW zugestimmt. Diese fand dann am 6. September 2023 statt. Insgesamt 26 interessierte Mitglieder des Verbandes haben die Einladung wahrgenommen. Eine besondere Ehre f\u00fcr uns war, da\u00df [&hellip;]<\/p>\n","protected":false},"author":1,"featured_media":1653,"comment_status":"open","ping_status":"open","sticky":false,"template":"","format":"standard","meta":{"_acf_changed":false,"_et_pb_use_builder":"on","_et_pb_old_content":"","_et_gb_content_width":"","footnotes":""},"categories":[8,9],"tags":[],"class_list":["post-1652","post","type-post","status-publish","format-standard","has-post-thumbnail","hentry","category-pferde","category-umwelt-und-natur"],"acf":[],"_links":{"self":[{"href":"https:\/\/www.gut-muellerhof.de\/index.php?rest_route=\/wp\/v2\/posts\/1652","targetHints":{"allow":["GET"]}}],"collection":[{"href":"https:\/\/www.gut-muellerhof.de\/index.php?rest_route=\/wp\/v2\/posts"}],"about":[{"href":"https:\/\/www.gut-muellerhof.de\/index.php?rest_route=\/wp\/v2\/types\/post"}],"author":[{"embeddable":true,"href":"https:\/\/www.gut-muellerhof.de\/index.php?rest_route=\/wp\/v2\/users\/1"}],"replies":[{"embeddable":true,"href":"https:\/\/www.gut-muellerhof.de\/index.php?rest_route=%2Fwp%2Fv2%2Fcomments&post=1652"}],"version-history":[{"count":2,"href":"https:\/\/www.gut-muellerhof.de\/index.php?rest_route=\/wp\/v2\/posts\/1652\/revisions"}],"predecessor-version":[{"id":1656,"href":"https:\/\/www.gut-muellerhof.de\/index.php?rest_route=\/wp\/v2\/posts\/1652\/revisions\/1656"}],"wp:featuredmedia":[{"embeddable":true,"href":"https:\/\/www.gut-muellerhof.de\/index.php?rest_route=\/wp\/v2\/media\/1653"}],"wp:attachment":[{"href":"https:\/\/www.gut-muellerhof.de\/index.php?rest_route=%2Fwp%2Fv2%2Fmedia&parent=1652"}],"wp:term":[{"taxonomy":"category","embeddable":true,"href":"https:\/\/www.gut-muellerhof.de\/index.php?rest_route=%2Fwp%2Fv2%2Fcategories&post=1652"},{"taxonomy":"post_tag","embeddable":true,"href":"https:\/\/www.gut-muellerhof.de\/index.php?rest_route=%2Fwp%2Fv2%2Ftags&post=1652"}],"curies":[{"name":"wp","href":"https:\/\/api.w.org\/{rel}","templated":true}]}}