{"id":1641,"date":"2023-08-13T12:23:27","date_gmt":"2023-08-13T12:23:27","guid":{"rendered":"https:\/\/www.gut-muellerhof.de\/?p=1641"},"modified":"2023-08-13T12:24:51","modified_gmt":"2023-08-13T12:24:51","slug":"aldebaran-ist-praemienfohlen","status":"publish","type":"post","link":"https:\/\/www.gut-muellerhof.de\/?p=1641","title":{"rendered":"ALDEB\u00c0RAN ist Pr\u00e4mienfohlen"},"content":{"rendered":"<p>[et_pb_section fb_built=&#8220;1&#8243; custom_padding_last_edited=&#8220;on|phone&#8220; admin_label=&#8220;About&#8220; _builder_version=&#8220;4.16&#8243; background_enable_image=&#8220;off&#8220; custom_margin=&#8220;-8px|||||&#8220; custom_padding=&#8220;44px||130px|||&#8220; custom_padding_tablet=&#8220;50px||||false|false&#8220; custom_padding_phone=&#8220;&#8220; global_colors_info=&#8220;{}&#8220; theme_builder_area=&#8220;post_content&#8220;][et_pb_row _builder_version=&#8220;4.16&#8243; custom_padding=&#8220;||0px|||&#8220; global_colors_info=&#8220;{}&#8220; theme_builder_area=&#8220;post_content&#8220;][et_pb_column type=&#8220;4_4&#8243; _builder_version=&#8220;4.16&#8243; global_colors_info=&#8220;{}&#8220; theme_builder_area=&#8220;post_content&#8220;][et_pb_image src=&#8220;https:\/\/www.gut-muellerhof.de\/wp-content\/uploads\/2023\/08\/Praemenfohlen-2023.png&#8220; _builder_version=&#8220;4.22.0&#8243; _module_preset=&#8220;default&#8220; theme_builder_area=&#8220;post_content&#8220; title_text=&#8220;Pra\u0308menfohlen-2023&#8243; hover_enabled=&#8220;0&#8243; sticky_enabled=&#8220;0&#8243; width=&#8220;17%&#8220; align=&#8220;center&#8220;][\/et_pb_image][et_pb_text _builder_version=&#8220;4.22.0&#8243; _module_preset=&#8220;default&#8220; theme_builder_area=&#8220;post_content&#8220; hover_enabled=&#8220;0&#8243; sticky_enabled=&#8220;0&#8243;]<\/p>\n<p>Am 11.08.2023 war der Kennzeichenbeauftragte des ZfdP auf Gut M\u00fcllerhof, um das Hengstfohlen zu chipen und zu beurteilen. In der Gesamtbewertung zeigte er eine 7,5 und wurde pr\u00e4miert. In Anbetracht, da\u00df es sehr hei\u00df war und der Insektendruck zur Mittagszeit hoch war, hat er die Beurteilung in den G\u00e4ngen prima gemeistert.<\/p>\n<p>Dem Pr\u00fcfer hat besonders gefallen, da\u00df er mit erstem Blick auf das Exterieur ein besonderes rassetypischer \u201eSpanier&#8220; ist. Sein ausgesprochen symphatisches Temperament spiegelt sich in kadenzierten und typischen Hengstbewegungen wider.<\/p>\n<p>Auch seine Mutterstute <strong>Triana<\/strong> wurde beurteilt mit der Note 7,0. In der Gesamtschau wurde sie als eine sehr gute Zuchtstute beurteilt. Bei den G\u00e4ngen war sie nicht ganz so \u00fcberzeugend, was sicher einer ausgeheilten Sehnenentz\u00fcndung vorn rechts geschuldet ist und damit nat\u00fcrlich die Ermangelung an Training. <strong>Triana<\/strong> ist als anerkannte Zuchtstute beim Verband eingetragen.<\/p>\n<p>[\/et_pb_text][\/et_pb_column][\/et_pb_row][et_pb_row _builder_version=&#8220;4.22.0&#8243; _module_preset=&#8220;default&#8220; theme_builder_area=&#8220;post_content&#8220;][et_pb_column _builder_version=&#8220;4.22.0&#8243; _module_preset=&#8220;default&#8220; type=&#8220;4_4&#8243; theme_builder_area=&#8220;post_content&#8220;][et_pb_image src=&#8220;https:\/\/www.gut-muellerhof.de\/wp-content\/uploads\/2023\/08\/PHOTO-2023-08-04-19-43-28.jpg&#8220; _builder_version=&#8220;4.22.0&#8243; _module_preset=&#8220;default&#8220; theme_builder_area=&#8220;post_content&#8220; title_text=&#8220;PHOTO-2023-08-04-19-43-28&#8243; hover_enabled=&#8220;0&#8243; sticky_enabled=&#8220;0&#8243;][\/et_pb_image][\/et_pb_column][\/et_pb_row][\/et_pb_section]<\/p>\n","protected":false},"excerpt":{"rendered":"<p>Am 11.08.2023 war der Kennzeichenbeauftragte des ZfdP auf Gut M\u00fcllerhof, um das Hengstfohlen zu chipen und zu beurteilen. In der Gesamtbewertung zeigte er eine 7,5 und wurde pr\u00e4miert. In Anbetracht, da\u00df es sehr hei\u00df war und der Insektendruck zur Mittagszeit hoch war, hat er die Beurteilung in den G\u00e4ngen prima gemeistert. Dem Pr\u00fcfer hat besonders [&hellip;]<\/p>\n","protected":false},"author":1,"featured_media":1603,"comment_status":"open","ping_status":"open","sticky":false,"template":"","format":"standard","meta":{"_acf_changed":false,"_et_pb_use_builder":"on","_et_pb_old_content":"","_et_gb_content_width":"","footnotes":""},"categories":[8],"tags":[],"class_list":["post-1641","post","type-post","status-publish","format-standard","has-post-thumbnail","hentry","category-pferde"],"acf":[],"_links":{"self":[{"href":"https:\/\/www.gut-muellerhof.de\/index.php?rest_route=\/wp\/v2\/posts\/1641","targetHints":{"allow":["GET"]}}],"collection":[{"href":"https:\/\/www.gut-muellerhof.de\/index.php?rest_route=\/wp\/v2\/posts"}],"about":[{"href":"https:\/\/www.gut-muellerhof.de\/index.php?rest_route=\/wp\/v2\/types\/post"}],"author":[{"embeddable":true,"href":"https:\/\/www.gut-muellerhof.de\/index.php?rest_route=\/wp\/v2\/users\/1"}],"replies":[{"embeddable":true,"href":"https:\/\/www.gut-muellerhof.de\/index.php?rest_route=%2Fwp%2Fv2%2Fcomments&post=1641"}],"version-history":[{"count":3,"href":"https:\/\/www.gut-muellerhof.de\/index.php?rest_route=\/wp\/v2\/posts\/1641\/revisions"}],"predecessor-version":[{"id":1648,"href":"https:\/\/www.gut-muellerhof.de\/index.php?rest_route=\/wp\/v2\/posts\/1641\/revisions\/1648"}],"wp:featuredmedia":[{"embeddable":true,"href":"https:\/\/www.gut-muellerhof.de\/index.php?rest_route=\/wp\/v2\/media\/1603"}],"wp:attachment":[{"href":"https:\/\/www.gut-muellerhof.de\/index.php?rest_route=%2Fwp%2Fv2%2Fmedia&parent=1641"}],"wp:term":[{"taxonomy":"category","embeddable":true,"href":"https:\/\/www.gut-muellerhof.de\/index.php?rest_route=%2Fwp%2Fv2%2Fcategories&post=1641"},{"taxonomy":"post_tag","embeddable":true,"href":"https:\/\/www.gut-muellerhof.de\/index.php?rest_route=%2Fwp%2Fv2%2Ftags&post=1641"}],"curies":[{"name":"wp","href":"https:\/\/api.w.org\/{rel}","templated":true}]}}