{"id":1630,"date":"2023-08-07T07:57:28","date_gmt":"2023-08-07T07:57:28","guid":{"rendered":"https:\/\/www.gut-muellerhof.de\/?p=1630"},"modified":"2023-08-07T07:58:08","modified_gmt":"2023-08-07T07:58:08","slug":"1630","status":"publish","type":"post","link":"https:\/\/www.gut-muellerhof.de\/?p=1630","title":{"rendered":"Freie Aufzuchtspl\u00e4tze f\u00fcr Stutfohlen 2023"},"content":{"rendered":"\n[et_pb_section fb_built=&#8220;1&#8243; admin_label=&#8220;Header&#8220; _builder_version=&#8220;4.16&#8243; use_background_color_gradient=&#8220;on&#8220; background_color_gradient_stops=&#8220;rgba(31,31,38,0.88) 0%|rgba(31,31,38,0.24) 100%&#8220; background_color_gradient_overlays_image=&#8220;on&#8220; background_color_gradient_start=&#8220;rgba(31,31,38,0.88)&#8220; background_color_gradient_end=&#8220;rgba(31,31,38,0.24)&#8220; background_image=&#8220;https:\/\/www.gut-muellerhof.de\/wp-content\/uploads\/2020\/06\/upholsterer-61.jpg&#8220; custom_padding=&#8220;0vw||0px||false|false&#8220; global_colors_info=&#8220;{}&#8220; theme_builder_area=&#8220;post_content&#8220;][et_pb_row custom_padding_last_edited=&#8220;on|desktop&#8220; _builder_version=&#8220;4.17.0&#8243; use_background_color_gradient=&#8220;on&#8220; background_color_gradient_direction=&#8220;144deg&#8220; background_color_gradient_stops=&#8220;rgba(96,83,72,0.24) 0%|rgba(96,83,72,0.72) 100%&#8220; background_color_gradient_start=&#8220;rgba(96,83,72,0.24)&#8220; background_color_gradient_end=&#8220;rgba(96,83,72,0.72)&#8220; background_image=&#8220;https:\/\/www.gut-muellerhof.de\/wp-content\/uploads\/2021\/06\/2e6b938b-6451-4aa2-a347-d2aad7559d5b.jpg&#8220; parallax=&#8220;on&#8220; width=&#8220;100%&#8220; max_width=&#8220;none&#8220; module_alignment=&#8220;left&#8220; custom_margin=&#8220;0px||||false|false&#8220; custom_margin_tablet=&#8220;|auto||0px|false|false&#8220; custom_margin_last_edited=&#8220;off|desktop&#8220; custom_padding=&#8220;20vw|20px|20vw|20px|false|true&#8220; custom_padding_tablet=&#8220;16vw||16vw||true|false&#8220; custom_padding_phone=&#8220;||||false|false&#8220; border_color_all=&#8220;#1f1f26&#8243; border_width_right=&#8220;0vw&#8220; locked=&#8220;off&#8220; global_colors_info=&#8220;{}&#8220; theme_builder_area=&#8220;post_content&#8220;][et_pb_column type=&#8220;4_4&#8243; _builder_version=&#8220;4.16&#8243; global_colors_info=&#8220;{}&#8220; theme_builder_area=&#8220;post_content&#8220;][et_pb_text _builder_version=&#8220;4.17.0&#8243; header_font=&#8220;Prata||||||||&#8220; header_text_align=&#8220;center&#8220; header_font_size=&#8220;120px&#8220; header_line_height=&#8220;1.2em&#8220; background_layout=&#8220;dark&#8220; header_font_size_tablet=&#8220;60px&#8220; header_font_size_phone=&#8220;35px&#8220; header_font_size_last_edited=&#8220;on|phone&#8220; global_colors_info=&#8220;{}&#8220; theme_builder_area=&#8220;post_content&#8220;]<h1>Freie Pl\u00e4tze!<\/h1>[\/et_pb_text][\/et_pb_column][\/et_pb_row][\/et_pb_section][et_pb_section fb_built=&#8220;1&#8243; admin_label=&#8220;Services&#8220; _builder_version=&#8220;4.16&#8243; custom_padding=&#8220;24px||56px|||&#8220; global_colors_info=&#8220;{}&#8220; title_text_tablet=&#8220;upholsterer-41&#8243; theme_builder_area=&#8220;post_content&#8220;][et_pb_row _builder_version=&#8220;4.16&#8243; custom_margin=&#8220;4%|auto|4%|auto|true|false&#8220; custom_padding=&#8220;11px||||false|false&#8220; global_colors_info=&#8220;{}&#8220; theme_builder_area=&#8220;post_content&#8220;][et_pb_column type=&#8220;4_4&#8243; _builder_version=&#8220;4.16&#8243; border_color_all=&#8220;#bea88f&#8220; global_colors_info=&#8220;{}&#8220; theme_builder_area=&#8220;post_content&#8220;][et_pb_text _builder_version=&#8220;4.21.2&#8243; _module_preset=&#8220;default&#8220; text_font_size=&#8220;20px&#8220; text_line_height=&#8220;1.8em&#8220; hover_enabled=&#8220;0&#8243; global_colors_info=&#8220;{}&#8220; theme_builder_area=&#8220;post_content&#8220; sticky_enabled=&#8220;0&#8243;]<div class=\"\" dir=\"auto\">\n<div class=\"x1iorvi4 x1pi30zi x1l90r2v x1swvt13\" data-ad-comet-preview=\"message\" data-ad-preview=\"message\" id=\"jsc_c_cy\">\n<div class=\"x78zum5 xdt5ytf xz62fqu x16ldp7u\">\n<div class=\"xu06os2 x1ok221b\">\n<div class=\"x11i5rnm xat24cr x1mh8g0r x1vvkbs xdj266r x126k92a\">\n<h2 dir=\"auto\" style=\"text-align: start;\">Wir bieten zwei Aufzuchtpl\u00e4tze f\u00fcr Absetzer Stutfohlen aus 2023 an.\u00a0<\/h2>\n<\/div>\n<div class=\"x11i5rnm xat24cr x1mh8g0r x1vvkbs xtlvy1s x126k92a\">\n<p>Sp\u00e4t geborene Fohlen nehmen wir gern bis Ende Jan. 2024 auf. Bei uns finden sie au\u00dfergew\u00f6hnlich pferdegerechte Aufzuchtsbedingungen, die pr\u00e4gend f\u00fcr das Pferdeleben ihres Nachwuchses ist.<\/p>\n<p>&nbsp;<\/p>\n<div dir=\"auto\" style=\"text-align: start;\"><\/div>\n<\/div>\n<div class=\"x11i5rnm xat24cr x1mh8g0r x1vvkbs xtlvy1s x126k92a\">\n<div dir=\"auto\" style=\"text-align: start;\">Hochqualifizierte Mitarbeiterinnen k\u00fcmmern sich um unsere Jungstuten.<\/div>\n<\/div>\n<div class=\"x11i5rnm xat24cr x1mh8g0r x1vvkbs xtlvy1s x126k92a\">\n<div dir=\"auto\" style=\"text-align: start;\">Gerne machen wir ihnen ein Angebot zu den Leistungen und den Preisen.<\/div>\n<\/div>\n<div class=\"x11i5rnm xat24cr x1mh8g0r x1vvkbs xtlvy1s x126k92a\">\n<div dir=\"auto\" style=\"text-align: start;\"><\/div>\n<div dir=\"auto\" style=\"text-align: start;\">Kontakt:<\/div>\n<div dir=\"auto\" style=\"text-align: start;\">Rainer Kohl<\/div>\n<div dir=\"auto\" style=\"text-align: start;\"><a href=\"mailto:rkohl@gestuet-gut-muellerhof.de\">rkohl@gestuet-gut-muellerhof.de<\/a><\/div>\n<div dir=\"auto\" style=\"text-align: start;\">Telefon: 0160 90111101<\/div>\n<\/div>\n<\/div>\n<\/div>\n<\/div>\n<\/div>[\/et_pb_text][\/et_pb_column][\/et_pb_row][\/et_pb_section][et_pb_section fb_built=&#8220;1&#8243; admin_label=&#8220;Call to Action&#8220; _builder_version=&#8220;4.16&#8243; background_color=&#8220;#bea88f&#8220; width=&#8220;100%&#8220; max_width=&#8220;1350px&#8220; module_alignment=&#8220;center&#8220; locked=&#8220;off&#8220; global_colors_info=&#8220;{}&#8220; theme_builder_area=&#8220;post_content&#8220;][et_pb_row _builder_version=&#8220;4.16&#8243; custom_padding=&#8220;||40px|||&#8220; global_colors_info=&#8220;{}&#8220; theme_builder_area=&#8220;post_content&#8220;][et_pb_column type=&#8220;4_4&#8243; _builder_version=&#8220;4.16&#8243; global_colors_info=&#8220;{}&#8220; theme_builder_area=&#8220;post_content&#8220;][et_pb_testimonial author=&#8220;von Helmut Beck-Broichsitter&#8220; portrait_url=&#8220;data:image\/svg+xml;base64,PHN2ZyB3aWR0aD0iNTAwIiBoZWlnaHQ9IjUwMCIgdmlld0JveD0iMCAwIDUwMCA1MDAiIHhtbG5zPSJodHRwOi8vd3d3LnczLm9yZy8yMDAwL3N2ZyI+CiAgICA8ZyBmaWxsPSJub25lIiBmaWxsLXJ1bGU9ImV2ZW5vZGQiPgogICAgICAgIDxwYXRoIGZpbGw9IiNFQkVCRUIiIGQ9Ik0wIDBoNTAwdjUwMEgweiIvPgogICAgICAgIDxyZWN0IGZpbGwtb3BhY2l0eT0iLjEiIGZpbGw9IiMwMDAiIHg9IjY4IiB5PSIzMDUiIHdpZHRoPSIzNjQiIGhlaWdodD0iNTY4IiByeD0iMTgyIi8+CiAgICAgICAgPGNpcmNsZSBmaWxsLW9wYWNpdHk9Ii4xIiBmaWxsPSIjMDAwIiBjeD0iMjQ5IiBjeT0iMTcyIiByPSIxMDAiLz4KICAgIDwvZz4KPC9zdmc+Cg==&#8220; _builder_version=&#8220;4.21.2&#8243; _module_preset=&#8220;default&#8220; theme_builder_area=&#8220;post_content&#8220; body_font_size=&#8220;19px&#8220; hover_enabled=&#8220;0&#8243; sticky_enabled=&#8220;0&#8243; portrait_width=&#8220;0px&#8220; portrait_height=&#8220;0px&#8220;]<p style=\"font-weight: 400;\">\u2026 <em>die Seele des Pferdes ist immer in der Herde. Je j\u00fcnger ein Pferd ist desto mehr ist es in der Obhut der Herde, wird in die Mitte genommen, damit Gefahren nicht zu ihm durchdringen k\u00f6nnen. Erst allm\u00e4hlich gewinnt es einen anderen Herdenplatz, bis es eines Tages F\u00fchrpferd wird.<br \/><\/em><\/p>[\/et_pb_testimonial][\/et_pb_column][\/et_pb_row][\/et_pb_section]\n","protected":false},"excerpt":{"rendered":"<p>Freie Pl\u00e4tze! Wir bieten zwei Aufzuchtpl\u00e4tze f\u00fcr Absetzer Stutfohlen aus 2023 an.\u00a0 Sp\u00e4t geborene Fohlen nehmen wir gern bis Ende Jan. 2024 auf. Bei uns finden sie au\u00dfergew\u00f6hnlich pferdegerechte Aufzuchtsbedingungen, die pr\u00e4gend f\u00fcr das Pferdeleben ihres Nachwuchses ist. &nbsp; Hochqualifizierte Mitarbeiterinnen k\u00fcmmern sich um unsere Jungstuten. Gerne machen wir ihnen ein Angebot zu den Leistungen [&hellip;]<\/p>\n","protected":false},"author":1,"featured_media":1364,"comment_status":"open","ping_status":"open","sticky":false,"template":"","format":"standard","meta":{"_acf_changed":false,"_et_pb_use_builder":"on","_et_pb_old_content":"","_et_gb_content_width":"","footnotes":""},"categories":[8],"tags":[],"class_list":["post-1630","post","type-post","status-publish","format-standard","has-post-thumbnail","hentry","category-pferde"],"acf":[],"_links":{"self":[{"href":"https:\/\/www.gut-muellerhof.de\/index.php?rest_route=\/wp\/v2\/posts\/1630","targetHints":{"allow":["GET"]}}],"collection":[{"href":"https:\/\/www.gut-muellerhof.de\/index.php?rest_route=\/wp\/v2\/posts"}],"about":[{"href":"https:\/\/www.gut-muellerhof.de\/index.php?rest_route=\/wp\/v2\/types\/post"}],"author":[{"embeddable":true,"href":"https:\/\/www.gut-muellerhof.de\/index.php?rest_route=\/wp\/v2\/users\/1"}],"replies":[{"embeddable":true,"href":"https:\/\/www.gut-muellerhof.de\/index.php?rest_route=%2Fwp%2Fv2%2Fcomments&post=1630"}],"version-history":[{"count":3,"href":"https:\/\/www.gut-muellerhof.de\/index.php?rest_route=\/wp\/v2\/posts\/1630\/revisions"}],"predecessor-version":[{"id":1634,"href":"https:\/\/www.gut-muellerhof.de\/index.php?rest_route=\/wp\/v2\/posts\/1630\/revisions\/1634"}],"wp:featuredmedia":[{"embeddable":true,"href":"https:\/\/www.gut-muellerhof.de\/index.php?rest_route=\/wp\/v2\/media\/1364"}],"wp:attachment":[{"href":"https:\/\/www.gut-muellerhof.de\/index.php?rest_route=%2Fwp%2Fv2%2Fmedia&parent=1630"}],"wp:term":[{"taxonomy":"category","embeddable":true,"href":"https:\/\/www.gut-muellerhof.de\/index.php?rest_route=%2Fwp%2Fv2%2Fcategories&post=1630"},{"taxonomy":"post_tag","embeddable":true,"href":"https:\/\/www.gut-muellerhof.de\/index.php?rest_route=%2Fwp%2Fv2%2Ftags&post=1630"}],"curies":[{"name":"wp","href":"https:\/\/api.w.org\/{rel}","templated":true}]}}