{"id":1587,"date":"2023-08-04T15:18:08","date_gmt":"2023-08-04T15:18:08","guid":{"rendered":"https:\/\/www.gut-muellerhof.de\/?p=1587"},"modified":"2023-08-04T15:20:43","modified_gmt":"2023-08-04T15:20:43","slug":"sommer-2023-auf-gut-muellerhof","status":"publish","type":"post","link":"https:\/\/www.gut-muellerhof.de\/?p=1587","title":{"rendered":"Sommer 2023 auf Gut M\u00fcllerhof"},"content":{"rendered":"<p>[et_pb_section fb_built=&#8220;1&#8243; custom_padding_last_edited=&#8220;on|phone&#8220; admin_label=&#8220;About&#8220; _builder_version=&#8220;4.16&#8243; background_enable_image=&#8220;off&#8220; min_height=&#8220;1331.8px&#8220; custom_margin=&#8220;-8px|||||&#8220; custom_padding=&#8220;44px||10px|||&#8220; custom_padding_tablet=&#8220;50px||||false|false&#8220; custom_padding_phone=&#8220;&#8220; global_colors_info=&#8220;{}&#8220;][et_pb_row _builder_version=&#8220;4.16&#8243; _module_preset=&#8220;default&#8220; global_colors_info=&#8220;{}&#8220;][et_pb_column type=&#8220;4_4&#8243; _builder_version=&#8220;4.16&#8243; _module_preset=&#8220;default&#8220; global_colors_info=&#8220;{}&#8220;][et_pb_text _builder_version=&#8220;4.21.2&#8243; _module_preset=&#8220;default&#8220; hover_enabled=&#8220;0&#8243; global_colors_info=&#8220;{}&#8220; sticky_enabled=&#8220;0&#8243;]<\/p>\n<h1 style=\"text-align: center;\">Ernte&#8216; 23<\/h1>\n<p>[\/et_pb_text][et_pb_text _builder_version=&#8220;4.21.2&#8243; _module_preset=&#8220;default&#8220; global_colors_info=&#8220;{}&#8220;]<\/p>\n<p>Anfang Juni hatte wir eine gute Wetterlage f\u00fcr unsere Heuernte. Da es bis in den Mai hinein arg nass war, braucht es immer ein wenig Gl\u00fcck, um den richtigen Zeitpunkt f\u00fcr die Ernte zu treffen. Wir haben mit unserem Landwirt insgesamt ca. 50 Tonnen auf unseren Heuweiden ernten k\u00f6nnen. Die Kontrolle der Restfeuchte war zufriedenstellend. <\/p>\n<p>Das Heu war vom Ertrag her nicht ganz so wie die Vorjahre &#8211; aber diese Ernte ist von sehr guter Qualit\u00e4t. Die LUFA Analysen zum Futterwert, Mineralien und Spurenelementen beauftragen wir Mitte August, also ca. 10 Wochen nach der Ernte.<\/p>\n<p>Die ersten Tage nach der Einlagerung bel\u00fcften wir das Heu, damit immer im Heulager der Volumenstrom sichergestellt ist und das Heu so gut abl\u00fcften kann.<\/p>\n<p>[\/et_pb_text][\/et_pb_column][\/et_pb_row][et_pb_row column_structure=&#8220;1_2,1_2&#8243; _builder_version=&#8220;4.19.4&#8243; _module_preset=&#8220;default&#8220; global_colors_info=&#8220;{}&#8220;][et_pb_column type=&#8220;1_2&#8243; _builder_version=&#8220;4.19.4&#8243; _module_preset=&#8220;default&#8220; global_colors_info=&#8220;{}&#8220;][et_pb_image src=&#8220;https:\/\/www.gut-muellerhof.de\/wp-content\/uploads\/2023\/08\/Heuernte2023.jpg&#8220; title_text=&#8220;Heuernte2023&#8243; _builder_version=&#8220;4.21.2&#8243; _module_preset=&#8220;default&#8220; global_colors_info=&#8220;{}&#8220;][\/et_pb_image][\/et_pb_column][et_pb_column type=&#8220;1_2&#8243; _builder_version=&#8220;4.19.4&#8243; _module_preset=&#8220;default&#8220; global_colors_info=&#8220;{}&#8220;][et_pb_image src=&#8220;https:\/\/www.gut-muellerhof.de\/wp-content\/uploads\/2023\/08\/Heuernte2023-2.jpg&#8220; title_text=&#8220;Heuernte2023-2&#8243; _builder_version=&#8220;4.21.2&#8243; _module_preset=&#8220;default&#8220; global_colors_info=&#8220;{}&#8220;][\/et_pb_image][\/et_pb_column][\/et_pb_row][et_pb_row column_structure=&#8220;1_2,1_2&#8243; _builder_version=&#8220;4.19.4&#8243; _module_preset=&#8220;default&#8220; global_colors_info=&#8220;{}&#8220;][et_pb_column type=&#8220;1_2&#8243; _builder_version=&#8220;4.19.4&#8243; _module_preset=&#8220;default&#8220; global_colors_info=&#8220;{}&#8220;][et_pb_text _builder_version=&#8220;4.21.2&#8243; _module_preset=&#8220;default&#8220; global_colors_info=&#8220;{}&#8220;]<\/p>\n<p>Ende Juni kam dann auch unsere Strohlieferung unseres Vertragslieferanten.<br \/>Aus Erfahrung sind wir beim Einkauf sehr kritisch im Hinblick auf die Qualit\u00e4t. So haben wir in den Jahren 2022 und 2021 Z\u00fcgeweise Stroh zur\u00fcckgehen lassen, weil die Pilz- u. Schimmelbelastung unakzeptabel waren.<\/p>\n<p>[\/et_pb_text][\/et_pb_column][et_pb_column type=&#8220;1_2&#8243; _builder_version=&#8220;4.19.4&#8243; _module_preset=&#8220;default&#8220; global_colors_info=&#8220;{}&#8220;][et_pb_text _builder_version=&#8220;4.21.2&#8243; _module_preset=&#8220;default&#8220; global_colors_info=&#8220;{}&#8220;]<\/p>\n<p>Dieses Stroh aus Gerste ist beste Qualit\u00e4t dank der Erfahrung unseres Landwirtes und Erzeugers. Eine weitere Lieferung Haferstroh erwarten wir Anfang August &#8211; wenn das Wetter mitspielt. Wir mischen immer die Strohsorten, um den Pferden optimales Einstreu bieten zu k\u00f6nnen.<\/p>\n<p>[\/et_pb_text][\/et_pb_column][\/et_pb_row][et_pb_row _builder_version=&#8220;4.21.2&#8243; _module_preset=&#8220;default&#8220; global_colors_info=&#8220;{}&#8220;][et_pb_column type=&#8220;4_4&#8243; _builder_version=&#8220;4.21.2&#8243; _module_preset=&#8220;default&#8220; global_colors_info=&#8220;{}&#8220;][et_pb_text _builder_version=&#8220;4.21.2&#8243; _module_preset=&#8220;default&#8220; global_colors_info=&#8220;{}&#8220;]<\/p>\n<h1 style=\"text-align: center;\">Lavendelbl\u00fcte<\/h1>\n<p>[\/et_pb_text][et_pb_image src=&#8220;https:\/\/www.gut-muellerhof.de\/wp-content\/uploads\/2023\/08\/Lavendel-3.jpg&#8220; title_text=&#8220;Lavendel-3&#8243; _builder_version=&#8220;4.21.2&#8243; _module_preset=&#8220;default&#8220; global_colors_info=&#8220;{}&#8220;][\/et_pb_image][et_pb_text _builder_version=&#8220;4.21.2&#8243; _module_preset=&#8220;default&#8220; global_colors_info=&#8220;{}&#8220;]<\/p>\n<p>Anfang Juni standen unsere Lavendel in voller Bl\u00fcte. Wir haben die letzten Jahre \u00fcber 500 Lavendel gepflanzt, so da\u00df unser Gut tagelang vom Aerosol mit Lavendelduft erf\u00fcllt war. Ganz zur Freude der Bienen, Wildbienen, Hummeln, Schmetterlinge u.v.a.m. <\/p>\n<p>Wenn man sich einen Moment Zeit nimmt und zusieht, welches Treiben der Insekten in den Lavendeln vor sich geht, ist man ob der F\u00fclle \u00fcberrascht: tausende Insekten brummen und sammeln.<\/p>\n<p>[\/et_pb_text][\/et_pb_column][\/et_pb_row][\/et_pb_section][et_pb_section fb_built=&#8220;1&#8243; _builder_version=&#8220;4.16&#8243; _module_preset=&#8220;default&#8220; global_colors_info=&#8220;{}&#8220;][et_pb_row _builder_version=&#8220;4.16&#8243; _module_preset=&#8220;default&#8220; global_colors_info=&#8220;{}&#8220;][et_pb_column type=&#8220;4_4&#8243; _builder_version=&#8220;4.16&#8243; _module_preset=&#8220;default&#8220; global_colors_info=&#8220;{}&#8220;][et_pb_image src=&#8220;https:\/\/www.gut-muellerhof.de\/wp-content\/uploads\/2023\/08\/Lavendel-1.jpg&#8220; title_text=&#8220;Lavendel-1&#8243; _builder_version=&#8220;4.21.2&#8243; _module_preset=&#8220;default&#8220; global_colors_info=&#8220;{}&#8220;][\/et_pb_image][\/et_pb_column][\/et_pb_row][et_pb_row _builder_version=&#8220;4.19.4&#8243; _module_preset=&#8220;default&#8220; global_colors_info=&#8220;{}&#8220;][et_pb_column type=&#8220;4_4&#8243; _builder_version=&#8220;4.19.4&#8243; _module_preset=&#8220;default&#8220; global_colors_info=&#8220;{}&#8220;][et_pb_image src=&#8220;https:\/\/www.gut-muellerhof.de\/wp-content\/uploads\/2023\/08\/Lavendel-2.jpg&#8220; title_text=&#8220;Lavendel-2&#8243; _builder_version=&#8220;4.21.2&#8243; _module_preset=&#8220;default&#8220; global_colors_info=&#8220;{}&#8220;][\/et_pb_image][\/et_pb_column][\/et_pb_row][\/et_pb_section]<\/p>\n","protected":false},"excerpt":{"rendered":"<p>Ernte&#8216; 23Anfang Juni hatte wir eine gute Wetterlage f\u00fcr unsere Heuernte. Da es bis in den Mai hinein arg nass war, braucht es immer ein wenig Gl\u00fcck, um den richtigen Zeitpunkt f\u00fcr die Ernte zu treffen. Wir haben mit unserem Landwirt insgesamt ca. 50 Tonnen auf unseren Heuweiden ernten k\u00f6nnen. Die Kontrolle der Restfeuchte war [&hellip;]<\/p>\n","protected":false},"author":1,"featured_media":1595,"comment_status":"open","ping_status":"open","sticky":false,"template":"","format":"standard","meta":{"_acf_changed":false,"_et_pb_use_builder":"on","_et_pb_old_content":"","_et_gb_content_width":"","footnotes":""},"categories":[8,9],"tags":[],"class_list":["post-1587","post","type-post","status-publish","format-standard","has-post-thumbnail","hentry","category-pferde","category-umwelt-und-natur"],"acf":[],"_links":{"self":[{"href":"https:\/\/www.gut-muellerhof.de\/index.php?rest_route=\/wp\/v2\/posts\/1587","targetHints":{"allow":["GET"]}}],"collection":[{"href":"https:\/\/www.gut-muellerhof.de\/index.php?rest_route=\/wp\/v2\/posts"}],"about":[{"href":"https:\/\/www.gut-muellerhof.de\/index.php?rest_route=\/wp\/v2\/types\/post"}],"author":[{"embeddable":true,"href":"https:\/\/www.gut-muellerhof.de\/index.php?rest_route=\/wp\/v2\/users\/1"}],"replies":[{"embeddable":true,"href":"https:\/\/www.gut-muellerhof.de\/index.php?rest_route=%2Fwp%2Fv2%2Fcomments&post=1587"}],"version-history":[{"count":4,"href":"https:\/\/www.gut-muellerhof.de\/index.php?rest_route=\/wp\/v2\/posts\/1587\/revisions"}],"predecessor-version":[{"id":1598,"href":"https:\/\/www.gut-muellerhof.de\/index.php?rest_route=\/wp\/v2\/posts\/1587\/revisions\/1598"}],"wp:featuredmedia":[{"embeddable":true,"href":"https:\/\/www.gut-muellerhof.de\/index.php?rest_route=\/wp\/v2\/media\/1595"}],"wp:attachment":[{"href":"https:\/\/www.gut-muellerhof.de\/index.php?rest_route=%2Fwp%2Fv2%2Fmedia&parent=1587"}],"wp:term":[{"taxonomy":"category","embeddable":true,"href":"https:\/\/www.gut-muellerhof.de\/index.php?rest_route=%2Fwp%2Fv2%2Fcategories&post=1587"},{"taxonomy":"post_tag","embeddable":true,"href":"https:\/\/www.gut-muellerhof.de\/index.php?rest_route=%2Fwp%2Fv2%2Ftags&post=1587"}],"curies":[{"name":"wp","href":"https:\/\/api.w.org\/{rel}","templated":true}]}}