{"id":1399,"date":"2022-10-19T14:23:18","date_gmt":"2022-10-19T14:23:18","guid":{"rendered":"https:\/\/www.gut-muellerhof.de\/?p=1399"},"modified":"2022-12-19T14:54:26","modified_gmt":"2022-12-19T14:54:26","slug":"praxistag-im-gut-muellerhof","status":"publish","type":"post","link":"https:\/\/www.gut-muellerhof.de\/?p=1399","title":{"rendered":"Praxistag im Gut M\u00fcllerhof"},"content":{"rendered":"\n[et_pb_section fb_built=&#8220;1&#8243; custom_padding_last_edited=&#8220;on|phone&#8220; admin_label=&#8220;About&#8220; _builder_version=&#8220;4.16&#8243; background_enable_image=&#8220;off&#8220; min_height=&#8220;1331.8px&#8220; custom_margin=&#8220;-8px|||||&#8220; custom_padding=&#8220;44px||10px|||&#8220; custom_padding_tablet=&#8220;50px||||false|false&#8220; custom_padding_phone=&#8220;&#8220; global_colors_info=&#8220;{}&#8220; theme_builder_area=&#8220;post_content&#8220;][et_pb_row _builder_version=&#8220;4.16&#8243; _module_preset=&#8220;default&#8220; global_colors_info=&#8220;{}&#8220; theme_builder_area=&#8220;post_content&#8220;][et_pb_column type=&#8220;4_4&#8243; _builder_version=&#8220;4.16&#8243; _module_preset=&#8220;default&#8220; global_colors_info=&#8220;{}&#8220; theme_builder_area=&#8220;post_content&#8220;][et_pb_text _builder_version=&#8220;4.19.4&#8243; _module_preset=&#8220;default&#8220; hover_enabled=&#8220;0&#8243; global_colors_info=&#8220;{}&#8220; theme_builder_area=&#8220;post_content&#8220; sticky_enabled=&#8220;0&#8243;]<h1>Nachhaltig Wirtschaften<\/h1>\n<p>Eine erfolgreiche erste Praxistag-Veranstaltung liegt hinter dem ARBEITSKREIS Pferd und seinen Mitgliedern! Am 19. und 20. Mai war Treffpunkt in der N\u00e4he von K\u00f6ln, zwei spannende Betriebe wurden besichtigt, wovon einer das Gut M\u00fcllerhof war. Rund 40 Pferdeprofis nahmen an diesem Treffen teil.<\/p>\n<p>&nbsp;<\/p>[\/et_pb_text][\/et_pb_column][\/et_pb_row][et_pb_row column_structure=&#8220;2_5,3_5&#8243; _builder_version=&#8220;4.19.4&#8243; _module_preset=&#8220;default&#8220; global_colors_info=&#8220;{}&#8220; theme_builder_area=&#8220;post_content&#8220;][et_pb_column type=&#8220;2_5&#8243; _builder_version=&#8220;4.19.4&#8243; _module_preset=&#8220;default&#8220; global_colors_info=&#8220;{}&#8220; theme_builder_area=&#8220;post_content&#8220;][et_pb_text _builder_version=&#8220;4.19.4&#8243; _module_preset=&#8220;default&#8220; global_colors_info=&#8220;{}&#8220; theme_builder_area=&#8220;post_content&#8220; link_option_url=&#8220;https:\/\/www.gut-muellerhof.de\/wp-content\/uploads\/2022\/12\/PB_06-22_Praxistag-Nachbericht.pdf&#8220; hover_enabled=&#8220;0&#8243; sticky_enabled=&#8220;0&#8243;]<p><a href=\"https:\/\/www.gut-muellerhof.de\/wp-content\/uploads\/2022\/12\/PB_06-22_Praxistag-Nachbericht.pdf\" target=\"_blank\" rel=\"noopener\">Download PDF<\/a><\/p>[\/et_pb_text][et_pb_text _builder_version=&#8220;4.19.4&#8243; _module_preset=&#8220;default&#8220; theme_builder_area=&#8220;post_content&#8220; hover_enabled=&#8220;0&#8243; sticky_enabled=&#8220;0&#8243;]<p>Weitere Infos: <a href=\"https:\/\/www.ak-pferd.de\/\" target=\"_blank\" rel=\"noopener\">www.ak-pferd.de<\/a><\/p>[\/et_pb_text][\/et_pb_column][et_pb_column type=&#8220;3_5&#8243; _builder_version=&#8220;4.19.4&#8243; _module_preset=&#8220;default&#8220; global_colors_info=&#8220;{}&#8220; theme_builder_area=&#8220;post_content&#8220;][et_pb_image src=&#8220;https:\/\/www.gut-muellerhof.de\/wp-content\/uploads\/2022\/12\/Nachhaltig-Wirtschaften-Screen.jpg&#8220; title_text=&#8220;Nachhaltig-Wirtschaften-Screen&#8220; url=&#8220;https:\/\/www.gut-muellerhof.de\/wp-content\/uploads\/2022\/12\/PB_06-22_Praxistag-Nachbericht.pdf&#8220; url_new_window=&#8220;on&#8220; _builder_version=&#8220;4.19.4&#8243; _module_preset=&#8220;default&#8220; width=&#8220;100%&#8220; max_width=&#8220;100%&#8220; module_alignment=&#8220;center&#8220; min_height=&#8220;387px&#8220; custom_margin=&#8220;|||57px||&#8220; global_colors_info=&#8220;{}&#8220; theme_builder_area=&#8220;post_content&#8220; hover_enabled=&#8220;0&#8243; sticky_enabled=&#8220;0&#8243;][\/et_pb_image][\/et_pb_column][\/et_pb_row][\/et_pb_section]\n","protected":false},"excerpt":{"rendered":"<p>Nachhaltig Wirtschaften Eine erfolgreiche erste Praxistag-Veranstaltung liegt hinter dem ARBEITSKREIS Pferd und seinen Mitgliedern! Am 19. und 20. Mai war Treffpunkt in der N\u00e4he von K\u00f6ln, zwei spannende Betriebe wurden besichtigt, wovon einer das Gut M\u00fcllerhof war. Rund 40 Pferdeprofis nahmen an diesem Treffen teil. &nbsp;Download PDFWeitere Infos: www.ak-pferd.de<\/p>\n","protected":false},"author":1,"featured_media":1165,"comment_status":"open","ping_status":"open","sticky":false,"template":"","format":"standard","meta":{"_acf_changed":false,"_et_pb_use_builder":"on","_et_pb_old_content":"","_et_gb_content_width":"","footnotes":""},"categories":[8],"tags":[],"class_list":["post-1399","post","type-post","status-publish","format-standard","has-post-thumbnail","hentry","category-pferde"],"acf":[],"_links":{"self":[{"href":"https:\/\/www.gut-muellerhof.de\/index.php?rest_route=\/wp\/v2\/posts\/1399","targetHints":{"allow":["GET"]}}],"collection":[{"href":"https:\/\/www.gut-muellerhof.de\/index.php?rest_route=\/wp\/v2\/posts"}],"about":[{"href":"https:\/\/www.gut-muellerhof.de\/index.php?rest_route=\/wp\/v2\/types\/post"}],"author":[{"embeddable":true,"href":"https:\/\/www.gut-muellerhof.de\/index.php?rest_route=\/wp\/v2\/users\/1"}],"replies":[{"embeddable":true,"href":"https:\/\/www.gut-muellerhof.de\/index.php?rest_route=%2Fwp%2Fv2%2Fcomments&post=1399"}],"version-history":[{"count":4,"href":"https:\/\/www.gut-muellerhof.de\/index.php?rest_route=\/wp\/v2\/posts\/1399\/revisions"}],"predecessor-version":[{"id":1435,"href":"https:\/\/www.gut-muellerhof.de\/index.php?rest_route=\/wp\/v2\/posts\/1399\/revisions\/1435"}],"wp:featuredmedia":[{"embeddable":true,"href":"https:\/\/www.gut-muellerhof.de\/index.php?rest_route=\/wp\/v2\/media\/1165"}],"wp:attachment":[{"href":"https:\/\/www.gut-muellerhof.de\/index.php?rest_route=%2Fwp%2Fv2%2Fmedia&parent=1399"}],"wp:term":[{"taxonomy":"category","embeddable":true,"href":"https:\/\/www.gut-muellerhof.de\/index.php?rest_route=%2Fwp%2Fv2%2Fcategories&post=1399"},{"taxonomy":"post_tag","embeddable":true,"href":"https:\/\/www.gut-muellerhof.de\/index.php?rest_route=%2Fwp%2Fv2%2Ftags&post=1399"}],"curies":[{"name":"wp","href":"https:\/\/api.w.org\/{rel}","templated":true}]}}