{"id":1320,"date":"2022-08-01T19:11:31","date_gmt":"2022-08-01T19:11:31","guid":{"rendered":"https:\/\/www.gut-muellerhof.de\/?p=1320"},"modified":"2022-12-15T12:02:31","modified_gmt":"2022-12-15T12:02:31","slug":"valiente-wird-abgesetzt-training-mit-den-jaehrlingen","status":"publish","type":"post","link":"https:\/\/www.gut-muellerhof.de\/?p=1320","title":{"rendered":"Valiente wird abgesetzt \/ Training mit den J\u00e4hrlingen"},"content":{"rendered":"\n\n\n[et_pb_section fb_built=&#8220;1&#8243; _builder_version=&#8220;4.17.0&#8243; _module_preset=&#8220;default&#8220; global_colors_info=&#8220;{}&#8220; theme_builder_area=&#8220;post_content&#8220;][et_pb_row _builder_version=&#8220;4.17.0&#8243; _module_preset=&#8220;default&#8220; global_colors_info=&#8220;{}&#8220; column_structure=&#8220;1_2,1_2&#8243; theme_builder_area=&#8220;post_content&#8220;][et_pb_column type=&#8220;1_2&#8243; _builder_version=&#8220;4.17.0&#8243; _module_preset=&#8220;default&#8220; global_colors_info=&#8220;{}&#8220; theme_builder_area=&#8220;post_content&#8220;][et_pb_text _builder_version=&#8220;4.17.0&#8243; _module_preset=&#8220;default&#8220; hover_enabled=&#8220;0&#8243; global_colors_info=&#8220;{}&#8220; theme_builder_area=&#8220;post_content&#8220; sticky_enabled=&#8220;0&#8243;]<p style=\"font-weight: 400;\">Auch f\u00fcr Valiente beginnt nun ein neuer Lebensabschnitt: wir haben zeitgleich mit der Ankunft von Gentileza und der Abreise von Trajan die Mutterstute von Valiente \u2013 Triana \u2013 zu der Anlage unserer Trainerin, die uns gelegentlich besucht, gebracht. Dort k\u00f6nnen wir sicher sein, da\u00df eine optimale Betreuung gew\u00e4hrleistet ist. Mit bew\u00e4hrten TCM Methoden wurde ihr der Trennungsschmerz etwas erleichtert.<\/p>\n<p style=\"font-weight: 400;\">Valiente hat die Trennung nach zwei Tagen gut verarbeitet. Wir setzten dann ein Spiel-\/Trainingsprogramm f\u00fcr die frischen J\u00e4hrlinge ein, je nach dem, was sie anbieten. Mit dem Spiel verbinden wir das erweiterte Fohlen-ABC bis hin zum Verladetraining. Die beiden Jungstuten verbl\u00fcfften uns zunehmend, wie schnell sie Freude an komplexen Aufgaben hatten. Im Alter von 11 Monaten ist das Ein- und Aussteigen aus dem Transporter ein Spiel der Beiden geworden. (Video und Bild)<\/p>[\/et_pb_text][et_pb_image src=&#8220;https:\/\/www.gut-muellerhof.de\/wp-content\/uploads\/2022\/12\/GENTILEZA2.jpg&#8220; _builder_version=&#8220;4.17.0&#8243; _module_preset=&#8220;default&#8220; theme_builder_area=&#8220;post_content&#8220; title_text=&#8220;GENTILEZA2&#8243; hover_enabled=&#8220;0&#8243; sticky_enabled=&#8220;0&#8243;][\/et_pb_image][\/et_pb_column][et_pb_column type=&#8220;1_2&#8243; _builder_version=&#8220;4.17.0&#8243; _module_preset=&#8220;default&#8220; global_colors_info=&#8220;{}&#8220; theme_builder_area=&#8220;post_content&#8220;][et_pb_video src=&#8220;https:\/\/www.gut-muellerhof.de\/wp-content\/uploads\/2022\/12\/Valiente-Verladetraining.mp4&#8243; _builder_version=&#8220;4.17.0&#8243; _module_preset=&#8220;default&#8220; theme_builder_area=&#8220;post_content&#8220; title_text=&#8220;Valiente-Verladetraining&#8220; hover_enabled=&#8220;0&#8243; sticky_enabled=&#8220;0&#8243;][\/et_pb_video][\/et_pb_column][\/et_pb_row][et_pb_row column_structure=&#8220;1_2,1_2&#8243; _builder_version=&#8220;4.17.0&#8243; _module_preset=&#8220;default&#8220; global_colors_info=&#8220;{}&#8220; theme_builder_area=&#8220;post_content&#8220;][et_pb_column type=&#8220;1_2&#8243; _builder_version=&#8220;4.17.0&#8243; _module_preset=&#8220;default&#8220; global_colors_info=&#8220;{}&#8220; theme_builder_area=&#8220;post_content&#8220;][et_pb_text _builder_version=&#8220;4.17.0&#8243; _module_preset=&#8220;default&#8220; hover_enabled=&#8220;0&#8243; global_colors_info=&#8220;{}&#8220; theme_builder_area=&#8220;post_content&#8220; sticky_enabled=&#8220;0&#8243;]<p>Auch das Herdenleben \u2013 wo die J\u00e4hrlinge von der Herde und den feinstofflichen Zusammenh\u00e4ngen lernen \u2013 hat sich sehr zufriedenstellend entwickelt. Denn das ist die wichtigste Grundlage f\u00fcr das Selbstvertrauen, die Entwicklung der Intelligenz und die Freude am Sein. (VIDEO)<\/p>\n<p>&nbsp;<\/p>\n<p style=\"font-weight: 400;\">[\/et_pb_text][\/et_pb_column][et_pb_column _builder_version=&#8220;4.17.0&#8243; _module_preset=&#8220;default&#8220; type=&#8220;1_2&#8243; theme_builder_area=&#8220;post_content&#8220;][et_pb_video src=&#8220;https:\/\/www.gut-muellerhof.de\/wp-content\/uploads\/2022\/12\/Gentileza-1.mp4&#8243; _builder_version=&#8220;4.17.0&#8243; _module_preset=&#8220;default&#8220; hover_enabled=&#8220;0&#8243; global_colors_info=&#8220;{}&#8220; theme_builder_area=&#8220;post_content&#8220; title_text=&#8220;Gentileza 1&#8243; sticky_enabled=&#8220;0&#8243;][\/et_pb_video][\/et_pb_column][\/et_pb_row][\/et_pb_section]\n\n\n","protected":false},"excerpt":{"rendered":"<p>Auch f\u00fcr Valiente beginnt nun ein neuer Lebensabschnitt: wir haben zeitgleich mit der Ankunft von Gentileza und der Abreise von Trajan die Mutterstute von Valiente \u2013 Triana \u2013 zu der Anlage unserer Trainerin, die uns gelegentlich besucht, gebracht. Dort k\u00f6nnen wir sicher sein, da\u00df eine optimale Betreuung gew\u00e4hrleistet ist. Mit bew\u00e4hrten TCM Methoden wurde ihr [&hellip;]<\/p>\n","protected":false},"author":1,"featured_media":1324,"comment_status":"open","ping_status":"open","sticky":false,"template":"","format":"standard","meta":{"_acf_changed":false,"_et_pb_use_builder":"on","_et_pb_old_content":"","_et_gb_content_width":"1080","footnotes":""},"categories":[8],"tags":[],"class_list":["post-1320","post","type-post","status-publish","format-standard","has-post-thumbnail","hentry","category-pferde"],"acf":[],"_links":{"self":[{"href":"https:\/\/www.gut-muellerhof.de\/index.php?rest_route=\/wp\/v2\/posts\/1320","targetHints":{"allow":["GET"]}}],"collection":[{"href":"https:\/\/www.gut-muellerhof.de\/index.php?rest_route=\/wp\/v2\/posts"}],"about":[{"href":"https:\/\/www.gut-muellerhof.de\/index.php?rest_route=\/wp\/v2\/types\/post"}],"author":[{"embeddable":true,"href":"https:\/\/www.gut-muellerhof.de\/index.php?rest_route=\/wp\/v2\/users\/1"}],"replies":[{"embeddable":true,"href":"https:\/\/www.gut-muellerhof.de\/index.php?rest_route=%2Fwp%2Fv2%2Fcomments&post=1320"}],"version-history":[{"count":3,"href":"https:\/\/www.gut-muellerhof.de\/index.php?rest_route=\/wp\/v2\/posts\/1320\/revisions"}],"predecessor-version":[{"id":1328,"href":"https:\/\/www.gut-muellerhof.de\/index.php?rest_route=\/wp\/v2\/posts\/1320\/revisions\/1328"}],"wp:featuredmedia":[{"embeddable":true,"href":"https:\/\/www.gut-muellerhof.de\/index.php?rest_route=\/wp\/v2\/media\/1324"}],"wp:attachment":[{"href":"https:\/\/www.gut-muellerhof.de\/index.php?rest_route=%2Fwp%2Fv2%2Fmedia&parent=1320"}],"wp:term":[{"taxonomy":"category","embeddable":true,"href":"https:\/\/www.gut-muellerhof.de\/index.php?rest_route=%2Fwp%2Fv2%2Fcategories&post=1320"},{"taxonomy":"post_tag","embeddable":true,"href":"https:\/\/www.gut-muellerhof.de\/index.php?rest_route=%2Fwp%2Fv2%2Ftags&post=1320"}],"curies":[{"name":"wp","href":"https:\/\/api.w.org\/{rel}","templated":true}]}}