{"id":1310,"date":"2022-05-02T18:52:38","date_gmt":"2022-05-02T18:52:38","guid":{"rendered":"https:\/\/www.gut-muellerhof.de\/?p=1310"},"modified":"2022-12-19T10:09:20","modified_gmt":"2022-12-19T10:09:20","slug":"trajan-geht-auf-seine-erste-reise","status":"publish","type":"post","link":"https:\/\/www.gut-muellerhof.de\/?p=1310","title":{"rendered":"Trajan geht auf seine erste Reise \/GENTILEZA kommt aus Cordoba an"},"content":{"rendered":"\n\n\n[et_pb_section fb_built=&#8220;1&#8243; theme_builder_area=&#8220;post_content&#8220; _builder_version=&#8220;4.17.0&#8243; _module_preset=&#8220;default&#8220;][et_pb_row _builder_version=&#8220;4.17.0&#8243; _module_preset=&#8220;default&#8220; theme_builder_area=&#8220;post_content&#8220;][et_pb_column _builder_version=&#8220;4.17.0&#8243; _module_preset=&#8220;default&#8220; type=&#8220;4_4&#8243; theme_builder_area=&#8220;post_content&#8220;][et_pb_text _builder_version=&#8220;4.17.0&#8243; _module_preset=&#8220;default&#8220; theme_builder_area=&#8220;post_content&#8220; hover_enabled=&#8220;0&#8243; sticky_enabled=&#8220;0&#8243;]<p style=\"font-weight: 400;\">Unser kleiner Hengst hatte eine ideale Zeit als Fohlen. Nun tritt er seine erste gro\u00dfe Reise in ein Trakehnergest\u00fct, welches wir mit Bedacht gew\u00e4hlt haben, zur weiteren Aufzucht mit Junghengsten an. Bei den Trakehnern hat er optimale Bedingungen. Er ist in einer Gruppe von sechs Junghengsten. Letztes Austoben bei uns (Video) und letztes Verladetraining (Bild) \u2013 dann ging\u00b4s los.<\/p>\n<p style=\"font-weight: 400;\">Die Trennung von der Stute und der Herde war \u2013 wie immer \u2013 schlimm, aber er hat sich sehr schnell in seinem neuen Umfeld zurechtgefunden. Jetzt toben die sechs Hengste als g\u00e4be es kein Morgen. <strong>Eine Augenweide.<\/strong><\/p>[\/et_pb_text][\/et_pb_column][\/et_pb_row][et_pb_row _builder_version=&#8220;4.17.0&#8243; _module_preset=&#8220;default&#8220; theme_builder_area=&#8220;post_content&#8220;][et_pb_column _builder_version=&#8220;4.17.0&#8243; _module_preset=&#8220;default&#8220; type=&#8220;4_4&#8243; theme_builder_area=&#8220;post_content&#8220;][et_pb_text _builder_version=&#8220;4.17.0&#8243; _module_preset=&#8220;default&#8220; theme_builder_area=&#8220;post_content&#8220; hover_enabled=&#8220;0&#8243; sticky_enabled=&#8220;0&#8243;]<h1>GENTILEZA kommt aus Cordoba an<\/h1>[\/et_pb_text][\/et_pb_column][\/et_pb_row][et_pb_row _builder_version=&#8220;4.17.0&#8243; _module_preset=&#8220;default&#8220; column_structure=&#8220;1_2,1_2&#8243; theme_builder_area=&#8220;post_content&#8220;][et_pb_column _builder_version=&#8220;4.17.0&#8243; _module_preset=&#8220;default&#8220; type=&#8220;1_2&#8243; theme_builder_area=&#8220;post_content&#8220;][et_pb_image src=&#8220;https:\/\/www.gut-muellerhof.de\/wp-content\/uploads\/2022\/12\/GENTILEZA1.jpg&#8220; _builder_version=&#8220;4.17.0&#8243; _module_preset=&#8220;default&#8220; theme_builder_area=&#8220;post_content&#8220; title_text=&#8220;GENTILEZA1&#8243; hover_enabled=&#8220;0&#8243; sticky_enabled=&#8220;0&#8243;][\/et_pb_image][et_pb_image src=&#8220;https:\/\/www.gut-muellerhof.de\/wp-content\/uploads\/2022\/12\/GENTILEZA2.jpg&#8220; _builder_version=&#8220;4.17.0&#8243; _module_preset=&#8220;default&#8220; theme_builder_area=&#8220;post_content&#8220; title_text=&#8220;GENTILEZA2&#8243; hover_enabled=&#8220;0&#8243; sticky_enabled=&#8220;0&#8243;][\/et_pb_image][\/et_pb_column][et_pb_column _builder_version=&#8220;4.17.0&#8243; _module_preset=&#8220;default&#8220; type=&#8220;1_2&#8243; theme_builder_area=&#8220;post_content&#8220;][et_pb_text _builder_version=&#8220;4.17.0&#8243; _module_preset=&#8220;default&#8220; theme_builder_area=&#8220;post_content&#8220; hover_enabled=&#8220;0&#8243; sticky_enabled=&#8220;0&#8243;]<p style=\"font-weight: 400;\">Ende Januar haben wir eine Jungstute aus Cordoba geholt, um die Homogenit\u00e4t der Herde zu gew\u00e4hrleisten.<\/p>\n<p style=\"font-weight: 400;\"><strong>GENTILEZA<\/strong>, eine fabelhafte junge Stute mit viel Potenzial (Bild). Die Reise von Cordoba geht \u00fcber drei Tage. Sie hat es gut \u00fcberstanden, aber war nat\u00fcrlich sichtlich ersch\u00f6pft. Nach zwei Tagen hatte sie sich erholt und wir begannen mit der Eingliederung in die Herde. (Video)<\/p>\n<p style=\"font-weight: 400;\">Die Stute war \u2013 zum Gl\u00fcck \u2013 wirklich roh. Unbefangen, mutig und voller Grazie nahm sie Kontakt mit der Herde auf und die Eingliederung ging v\u00f6llig unkompliziert und schnell, nach zwei Tagen war sie integriert und hat sofort ihren Platz in der Hierarchie gefunden.<\/p>\n<p style=\"font-weight: 400;\">Das ist der Vorteil von guten spanischen Z\u00fcchtern und deren Aufzuchtbedingungen: <strong>Sie lassen die Fohlen in Ruhe. So hat man einen Rohdiamant zur weiteren Betreuung und Ausbildung.<\/strong><\/p>\n<p style=\"font-weight: 400;\">[\/et_pb_text][et_pb_video src=&#8220;https:\/\/www.gut-muellerhof.de\/wp-content\/uploads\/2022\/12\/Gentileza-Video.mp4&#8243; _builder_version=&#8220;4.17.0&#8243; _module_preset=&#8220;default&#8220; theme_builder_area=&#8220;post_content&#8220; title_text=&#8220;Gentileza Video&#8220; hover_enabled=&#8220;0&#8243; sticky_enabled=&#8220;0&#8243;][\/et_pb_video][\/et_pb_column][\/et_pb_row][\/et_pb_section]\n\n\n","protected":false},"excerpt":{"rendered":"<p>Unser kleiner Hengst hatte eine ideale Zeit als Fohlen. Nun tritt er seine erste gro\u00dfe Reise in ein Trakehnergest\u00fct, welches wir mit Bedacht gew\u00e4hlt haben, zur weiteren Aufzucht mit Junghengsten an. Bei den Trakehnern hat er optimale Bedingungen. Er ist in einer Gruppe von sechs Junghengsten. Letztes Austoben bei uns (Video) und letztes Verladetraining (Bild) [&hellip;]<\/p>\n","protected":false},"author":1,"featured_media":1311,"comment_status":"open","ping_status":"open","sticky":false,"template":"","format":"standard","meta":{"_acf_changed":false,"_et_pb_use_builder":"on","_et_pb_old_content":"","_et_gb_content_width":"1080","footnotes":""},"categories":[8],"tags":[],"class_list":["post-1310","post","type-post","status-publish","format-standard","has-post-thumbnail","hentry","category-pferde"],"acf":[],"_links":{"self":[{"href":"https:\/\/www.gut-muellerhof.de\/index.php?rest_route=\/wp\/v2\/posts\/1310","targetHints":{"allow":["GET"]}}],"collection":[{"href":"https:\/\/www.gut-muellerhof.de\/index.php?rest_route=\/wp\/v2\/posts"}],"about":[{"href":"https:\/\/www.gut-muellerhof.de\/index.php?rest_route=\/wp\/v2\/types\/post"}],"author":[{"embeddable":true,"href":"https:\/\/www.gut-muellerhof.de\/index.php?rest_route=\/wp\/v2\/users\/1"}],"replies":[{"embeddable":true,"href":"https:\/\/www.gut-muellerhof.de\/index.php?rest_route=%2Fwp%2Fv2%2Fcomments&post=1310"}],"version-history":[{"count":4,"href":"https:\/\/www.gut-muellerhof.de\/index.php?rest_route=\/wp\/v2\/posts\/1310\/revisions"}],"predecessor-version":[{"id":1319,"href":"https:\/\/www.gut-muellerhof.de\/index.php?rest_route=\/wp\/v2\/posts\/1310\/revisions\/1319"}],"wp:featuredmedia":[{"embeddable":true,"href":"https:\/\/www.gut-muellerhof.de\/index.php?rest_route=\/wp\/v2\/media\/1311"}],"wp:attachment":[{"href":"https:\/\/www.gut-muellerhof.de\/index.php?rest_route=%2Fwp%2Fv2%2Fmedia&parent=1310"}],"wp:term":[{"taxonomy":"category","embeddable":true,"href":"https:\/\/www.gut-muellerhof.de\/index.php?rest_route=%2Fwp%2Fv2%2Fcategories&post=1310"},{"taxonomy":"post_tag","embeddable":true,"href":"https:\/\/www.gut-muellerhof.de\/index.php?rest_route=%2Fwp%2Fv2%2Ftags&post=1310"}],"curies":[{"name":"wp","href":"https:\/\/api.w.org\/{rel}","templated":true}]}}