{"id":1263,"date":"2021-09-01T16:10:55","date_gmt":"2021-09-01T16:10:55","guid":{"rendered":"https:\/\/www.gut-muellerhof.de\/?p=1263"},"modified":"2021-09-01T16:11:02","modified_gmt":"2021-09-01T16:11:02","slug":"interessante-ethologische-herdenbeobachtung-florica-hat-gelernt","status":"publish","type":"post","link":"https:\/\/www.gut-muellerhof.de\/?p=1263","title":{"rendered":"Interessante ethologische Herdenbeobachtung: Florica hat gelernt"},"content":{"rendered":"<p>[et_pb_section fb_built=&#8220;1&#8243; custom_padding_last_edited=&#8220;on|phone&#8220; admin_label=&#8220;About&#8220; _builder_version=&#8220;4.6.5&#8243; background_enable_image=&#8220;off&#8220; custom_margin=&#8220;-8px|||||&#8220; custom_padding=&#8220;44px||130px|||&#8220; custom_padding_tablet=&#8220;50px||||false|false&#8220; custom_padding_phone=&#8220;&#8220;][et_pb_row use_custom_gutter=&#8220;on&#8220; gutter_width=&#8220;2&#8243; _builder_version=&#8220;4.6.5&#8243; custom_padding=&#8220;||0px|||&#8220;][et_pb_column type=&#8220;4_4&#8243; _builder_version=&#8220;4.4.4&#8243;][et_pb_text _builder_version=&#8220;4.9.7&#8243; _module_preset=&#8220;default&#8220; hover_enabled=&#8220;0&#8243; sticky_enabled=&#8220;0&#8243;]<\/p>\n<p>Wir beobachten st\u00e4ndig unter ethologischen Gesichtspunkten das Herdenverhalten, in das wir nie eingreifen. Es ist v\u00f6llig normal, da\u00df die Rangordnung in den \u201eunteren Bereichen\u201c immer mal angepasst wird.<\/p>\n<p><strong>Doch was sich letzte Woche ereignete, sind doch ein paar Zeilen wert:<\/strong><\/p>\n<p><a href=\"https:\/\/www.gut-muellerhof.de\/?project=florica\" title=\"Florica\"><strong>Florica<\/strong><\/a>, jetzt drei Jahre alt, war das Fohlen von Donna. Da die Beiden aus prek\u00e4rer Haltung kamen, haben wir Flori nicht abgesetzt, sondern bei der Stute gelassen, bis Donna Flori selbst \u201eabgesetzt\u201c hat. Das hat immerhin knapp zwei Jahre gedauert, hat den Beiden aber sichtlich gut getan.<\/p>\n<p>In der Herde hat Flori bis letzte Woche sozusagen Welpenschutz genossen, d.h. sie konnte in der Herde machen, was sie wollte. Da Donna den kleinen Hengst bei Fu\u00df hat, ist Deja \u2013 wie immer \u2013 die Leitstute. Da die beiden Fohlen nun zur Herde geh\u00f6ren war f\u00fcr die Sp\u00e4\u00dfe von Flori kein Platz mehr. Sie neckte trotz Vorwarnung weiter und ist von Deja regelrecht verpr\u00fcgelt worden. Das hat richtig weh getan. So habe ich Deja noch nie erlebt. Zwei Tage sp\u00e4ter nochmal das gleiche Specktakel \u2013 allerdings mit Ansage, sodass es nicht ganz so heftig, aber schmerzhaft war.<\/p>\n<p>Im Ergebnis hat Flori die Lektionen verstanden und die Ruhe und Ordnung in der Herde ist wieder hergestellt. Flori n\u00e4hert sich Deja, senkt den Kopf, schnabelt und weicht. Wir haben so manches neue Pferd in die Herde integriert \u2013 in Sekunden oder Minuten war das Thema gekl\u00e4rt. In solch einer Heftigkeit haben wir das noch nie beobachtet.<\/p>\n<p>[\/et_pb_text][\/et_pb_column][\/et_pb_row][\/et_pb_section]<\/p>\n","protected":false},"excerpt":{"rendered":"<p>Wir beobachten st\u00e4ndig unter ethologischen Gesichtspunkten das Herdenverhalten, in das wir nie eingreifen. Es ist v\u00f6llig normal, da\u00df die Rangordnung in den \u201eunteren Bereichen\u201c immer mal angepasst wird. Doch was sich letzte Woche ereignete, sind doch ein paar Zeilen wert: Florica, jetzt drei Jahre alt, war das Fohlen von Donna. Da die Beiden aus prek\u00e4rer [&hellip;]<\/p>\n","protected":false},"author":1,"featured_media":766,"comment_status":"open","ping_status":"open","sticky":false,"template":"","format":"standard","meta":{"_acf_changed":false,"_et_pb_use_builder":"on","_et_pb_old_content":"","_et_gb_content_width":"","footnotes":""},"categories":[8],"tags":[],"class_list":["post-1263","post","type-post","status-publish","format-standard","has-post-thumbnail","hentry","category-pferde"],"acf":[],"_links":{"self":[{"href":"https:\/\/www.gut-muellerhof.de\/index.php?rest_route=\/wp\/v2\/posts\/1263","targetHints":{"allow":["GET"]}}],"collection":[{"href":"https:\/\/www.gut-muellerhof.de\/index.php?rest_route=\/wp\/v2\/posts"}],"about":[{"href":"https:\/\/www.gut-muellerhof.de\/index.php?rest_route=\/wp\/v2\/types\/post"}],"author":[{"embeddable":true,"href":"https:\/\/www.gut-muellerhof.de\/index.php?rest_route=\/wp\/v2\/users\/1"}],"replies":[{"embeddable":true,"href":"https:\/\/www.gut-muellerhof.de\/index.php?rest_route=%2Fwp%2Fv2%2Fcomments&post=1263"}],"version-history":[{"count":2,"href":"https:\/\/www.gut-muellerhof.de\/index.php?rest_route=\/wp\/v2\/posts\/1263\/revisions"}],"predecessor-version":[{"id":1266,"href":"https:\/\/www.gut-muellerhof.de\/index.php?rest_route=\/wp\/v2\/posts\/1263\/revisions\/1266"}],"wp:featuredmedia":[{"embeddable":true,"href":"https:\/\/www.gut-muellerhof.de\/index.php?rest_route=\/wp\/v2\/media\/766"}],"wp:attachment":[{"href":"https:\/\/www.gut-muellerhof.de\/index.php?rest_route=%2Fwp%2Fv2%2Fmedia&parent=1263"}],"wp:term":[{"taxonomy":"category","embeddable":true,"href":"https:\/\/www.gut-muellerhof.de\/index.php?rest_route=%2Fwp%2Fv2%2Fcategories&post=1263"},{"taxonomy":"post_tag","embeddable":true,"href":"https:\/\/www.gut-muellerhof.de\/index.php?rest_route=%2Fwp%2Fv2%2Ftags&post=1263"}],"curies":[{"name":"wp","href":"https:\/\/api.w.org\/{rel}","templated":true}]}}