{"id":1220,"date":"2021-08-10T07:52:27","date_gmt":"2021-08-10T07:52:27","guid":{"rendered":"https:\/\/www.gut-muellerhof.de\/?p=1220"},"modified":"2021-08-11T08:27:56","modified_gmt":"2021-08-11T08:27:56","slug":"1220","status":"publish","type":"post","link":"https:\/\/www.gut-muellerhof.de\/?p=1220","title":{"rendered":"Hochwasserkatastrophe an der Wupper"},"content":{"rendered":"<p>[et_pb_section fb_built=&#8220;1&#8243; _builder_version=&#8220;4.9.2&#8243; _module_preset=&#8220;default&#8220; custom_padding=&#8220;||8px|||&#8220;][et_pb_row _builder_version=&#8220;4.9.2&#8243; _module_preset=&#8220;default&#8220; custom_padding=&#8220;||8px|||&#8220;][et_pb_column type=&#8220;4_4&#8243; _builder_version=&#8220;4.9.2&#8243; _module_preset=&#8220;default&#8220;][et_pb_text _builder_version=&#8220;4.9.7&#8243; _module_preset=&#8220;default&#8220;]<\/p>\n<p><span style=\"caret-color: #000000; color: #000000; font-family: Calibri, sans-serif; font-size: 14.666666984558105px; font-style: normal; font-variant-caps: normal; font-weight: normal; letter-spacing: normal; orphans: auto; text-align: start; text-indent: 0px; text-transform: none; white-space: normal; widows: auto; word-spacing: 0px; -webkit-text-size-adjust: auto; -webkit-text-stroke-width: 0px; text-decoration: none; display: inline !important; float: none;\"><strong>Um eines vorweg zu schicken:<\/strong> Die Hochwasserkatastrophe an der Ahr und Erft war f\u00fcr die Betroffenen derart schlimm, da\u00df man es kaum glauben mag, was da abging. Hier bei uns an der Wupper war es bedrohlich und die Einwohner von Leichlingen \u2013 insbesondere in der tief gelegenen Innenstadt \u2013 hat es wirklich auch brutal getroffen. Die Zerst\u00f6rung die das Hochwasser anrichtet, macht einen fassungslos. <\/span><\/p>\n<p><span style=\"caret-color: #000000; color: #000000; font-family: Calibri, sans-serif; font-size: 14.666666984558105px; font-style: normal; font-variant-caps: normal; font-weight: normal; letter-spacing: normal; orphans: auto; text-align: start; text-indent: 0px; text-transform: none; white-space: normal; widows: auto; word-spacing: 0px; -webkit-text-size-adjust: auto; -webkit-text-stroke-width: 0px; text-decoration: none; display: inline !important; float: none;\"><strong>Wir hatten Gl\u00fcck:<\/strong> Geb\u00e4ude und St\u00e4lle blieben verschont, weil wir zum Ufer (wir haben 800 Meter Uferbereich) relativ hoch liegen. Nach Aussage des Wupperverbandes war das der h\u00f6chste jemals gemessene Pegelstand an der Wupper. Das Wasser kam mit einer derartigen Wucht \u00fcber unsere Parkanlagen, da\u00df massive Metallz\u00e4une umgeknickt sind wie Bleistifte. Die gesamte Parkanlage und unsere 11 ha Wupperweide wurden \u00fcbersp\u00fclt. Die Weiden und der Park glich einer Seenlandschaft. Gro\u00dfe Teile der Weidez\u00e4une sind \u201everschwunden\u201c. <\/span><\/p>\n<p><span style=\"caret-color: #000000; color: #000000; font-family: Calibri, sans-serif; font-size: 14.666666984558105px; font-style: normal; font-variant-caps: normal; font-weight: normal; letter-spacing: normal; orphans: auto; text-align: start; text-indent: 0px; text-transform: none; white-space: normal; widows: auto; word-spacing: 0px; -webkit-text-size-adjust: auto; -webkit-text-stroke-width: 0px; text-decoration: none; display: inline !important; float: none;\">Mittwochnacht <\/span><span style=\"caret-color: #000000; color: #000000; font-family: Calibri, sans-serif; font-size: 14.666666984558105px; font-style: normal; font-variant-caps: normal; font-weight: normal; letter-spacing: normal; orphans: auto; text-align: start; text-indent: 0px; text-transform: none; white-space: normal; widows: auto; word-spacing: 0px; -webkit-text-size-adjust: auto; -webkit-text-stroke-width: 0px; text-decoration: none; display: inline !important; float: none;\">ging\u00b4s los, am Donnerstagnacht war der \u201ePeak\u201d, am Freitag ging das Wasser langsam zur\u00fcck. Am Freitagnacht wurde der Strom f\u00fcr fast eine Woche abgeschaltet. Als ich am Samstag die Kollateralsch\u00e4den sichten wollte, traute ich meinen Augen nicht: das stand ein wei\u00dfes Rind v\u00f6llig traumatisiert auf unserer Weide. Das war ein Rind vom Nachbar auf der anderen Seite des Ufers. <\/span><span style=\"caret-color: #000000; color: #000000; font-family: Calibri, sans-serif; font-size: 14.666666984558105px; font-style: normal; font-variant-caps: normal; font-weight: normal; letter-spacing: normal; orphans: auto; text-align: start; text-indent: 0px; text-transform: none; white-space: normal; widows: auto; word-spacing: 0px; -webkit-text-size-adjust: auto; -webkit-text-stroke-width: 0px; text-decoration: none; display: inline !important; float: none;\">Die Flut hat das Tier einfach zu uns her\u00fcber gesp\u00fclt! Zusammen mit dem Nachbarn haben wir das arme Rind dann verladen und wieder nach Hause gebracht. <\/span><span style=\"caret-color: #000000; color: #000000; font-family: Calibri, sans-serif; font-size: 14.666666984558105px; font-style: normal; font-variant-caps: normal; font-weight: normal; letter-spacing: normal; orphans: auto; text-align: start; text-indent: 0px; text-transform: none; white-space: normal; widows: auto; word-spacing: 0px; -webkit-text-size-adjust: auto; -webkit-text-stroke-width: 0px; text-decoration: none; display: inline !important; float: none;\"><strong><\/strong><\/span><\/p>\n<p>[\/et_pb_text][\/et_pb_column][\/et_pb_row][\/et_pb_section][et_pb_section fb_built=&#8220;1&#8243; _builder_version=&#8220;4.9.7&#8243; _module_preset=&#8220;default&#8220; custom_padding=&#8220;8px||3px|||&#8220;][et_pb_row column_structure=&#8220;1_3,1_3,1_3&#8243; _builder_version=&#8220;4.9.7&#8243; _module_preset=&#8220;default&#8220;][et_pb_column type=&#8220;1_3&#8243; _builder_version=&#8220;4.9.7&#8243; _module_preset=&#8220;default&#8220;][et_pb_image src=&#8220;https:\/\/www.gut-muellerhof.de\/wp-content\/uploads\/2021\/08\/PHOTO-2021-07-15-09-57-03.jpg&#8220; title_text=&#8220;PHOTO-2021-07-15-09-57-03&#8243; _builder_version=&#8220;4.9.7&#8243; _module_preset=&#8220;default&#8220;][\/et_pb_image][\/et_pb_column][et_pb_column type=&#8220;1_3&#8243; _builder_version=&#8220;4.9.7&#8243; _module_preset=&#8220;default&#8220;][et_pb_image src=&#8220;https:\/\/www.gut-muellerhof.de\/wp-content\/uploads\/2021\/08\/d50e7fbf-c87c-42f1-b492-a58e11df97a2.jpg&#8220; title_text=&#8220;d50e7fbf-c87c-42f1-b492-a58e11df97a2&#8243; _builder_version=&#8220;4.9.7&#8243; _module_preset=&#8220;default&#8220;][\/et_pb_image][\/et_pb_column][et_pb_column type=&#8220;1_3&#8243; _builder_version=&#8220;4.9.7&#8243; _module_preset=&#8220;default&#8220;][et_pb_image src=&#8220;https:\/\/www.gut-muellerhof.de\/wp-content\/uploads\/2021\/08\/PHOTO-2021-07-15-09-57-03-3.jpg&#8220; title_text=&#8220;PHOTO-2021-07-15-09-57-03-3&#8243; _builder_version=&#8220;4.9.7&#8243; _module_preset=&#8220;default&#8220;][\/et_pb_image][\/et_pb_column][\/et_pb_row][et_pb_row column_structure=&#8220;1_2,1_2&#8243; _builder_version=&#8220;4.9.7&#8243; _module_preset=&#8220;default&#8220;][et_pb_column type=&#8220;1_2&#8243; _builder_version=&#8220;4.9.7&#8243; _module_preset=&#8220;default&#8220;][et_pb_image src=&#8220;https:\/\/www.gut-muellerhof.de\/wp-content\/uploads\/2021\/08\/PHOTO-2021-07-15-09-57-03-2.jpg&#8220; title_text=&#8220;PHOTO-2021-07-15-09-57-03-2&#8243; _builder_version=&#8220;4.9.7&#8243; _module_preset=&#8220;default&#8220;][\/et_pb_image][\/et_pb_column][et_pb_column type=&#8220;1_2&#8243; _builder_version=&#8220;4.9.7&#8243; _module_preset=&#8220;default&#8220;][et_pb_image src=&#8220;https:\/\/www.gut-muellerhof.de\/wp-content\/uploads\/2021\/08\/PHOTO-2021-07-15-09-57-03-1.jpg&#8220; title_text=&#8220;PHOTO-2021-07-15-09-57-03-1&#8243; _builder_version=&#8220;4.9.7&#8243; _module_preset=&#8220;default&#8220;][\/et_pb_image][\/et_pb_column][\/et_pb_row][\/et_pb_section][et_pb_section fb_built=&#8220;1&#8243; _builder_version=&#8220;4.9.2&#8243; _module_preset=&#8220;default&#8220; custom_padding=&#8220;||8px|||&#8220;][et_pb_row _builder_version=&#8220;4.9.2&#8243; _module_preset=&#8220;default&#8220; custom_padding=&#8220;0px||8px|||&#8220;][et_pb_column type=&#8220;4_4&#8243; _builder_version=&#8220;4.9.2&#8243; _module_preset=&#8220;default&#8220;][et_pb_text _builder_version=&#8220;4.9.7&#8243; _module_preset=&#8220;default&#8220; custom_padding=&#8220;||20px|||&#8220;]<\/p>\n<p><span style=\"caret-color: #000000; color: #000000; font-family: Calibri, sans-serif; font-size: 14.666666984558105px; font-style: normal; font-variant-caps: normal; font-weight: normal; letter-spacing: normal; orphans: auto; text-align: start; text-indent: 0px; text-transform: none; white-space: normal; widows: auto; word-spacing: 0px; -webkit-text-size-adjust: auto; -webkit-text-stroke-width: 0px; text-decoration: none; display: inline !important; float: none;\">Nach zwei Wochen waren die Weiden wieder begehbar, sodass wir mit dem \u201eaufr\u00e4umen&#8220; beginnen konnten. Insgesamt haben wir \u00fcber 12 Tonnen Treibgut und M\u00fcll von Hand aufgesammelt. Das Krisenmanagement der Stadt Leichlingen war wirklich vorbildlich, insbesondere was die Entsorgung betraf. <\/span><\/p>\n<p><span style=\"caret-color: #000000; color: #000000; font-family: Calibri, sans-serif; font-size: 14.666666984558105px; font-style: normal; font-variant-caps: normal; font-weight: normal; letter-spacing: normal; orphans: auto; text-align: start; text-indent: 0px; text-transform: none; white-space: normal; widows: auto; word-spacing: 0px; -webkit-text-size-adjust: auto; -webkit-text-stroke-width: 0px; text-decoration: none; display: inline !important; float: none;\">Die Gr\u00e4ser haben das gut \u00fcberlebt \u2013 erstaunlich wie gut und schnell die Natur das verkraftet. Jetzt geht\u00b4s an den Wiederaufbau der Sch\u00e4den. <strong>Unsere Pferde haben von all dem nichts mitbekommen, zum Gl\u00fcck haben wir die h\u00f6her gelegenen Nordwest-Weiden.<\/strong><\/span><\/p>\n<p>[\/et_pb_text][\/et_pb_column][\/et_pb_row][\/et_pb_section][et_pb_section fb_built=&#8220;1&#8243; _builder_version=&#8220;4.9.7&#8243; _module_preset=&#8220;default&#8220; custom_margin=&#8220;-64px|||||&#8220; custom_padding=&#8220;5px||6px|||&#8220;][et_pb_row column_structure=&#8220;1_3,1_3,1_3&#8243; _builder_version=&#8220;4.9.7&#8243; _module_preset=&#8220;default&#8220; custom_padding=&#8220;82px|||||&#8220;][et_pb_column type=&#8220;1_3&#8243; _builder_version=&#8220;4.9.7&#8243; _module_preset=&#8220;default&#8220;][et_pb_image src=&#8220;https:\/\/www.gut-muellerhof.de\/wp-content\/uploads\/2021\/08\/eb449ad0-051a-44bb-8380-113c34b7d16c.jpg&#8220; title_text=&#8220;eb449ad0-051a-44bb-8380-113c34b7d16c&#8220; _builder_version=&#8220;4.9.7&#8243; _module_preset=&#8220;default&#8220; hover_enabled=&#8220;0&#8243; sticky_enabled=&#8220;0&#8243;][\/et_pb_image][\/et_pb_column][et_pb_column type=&#8220;1_3&#8243; _builder_version=&#8220;4.9.7&#8243; _module_preset=&#8220;default&#8220;][et_pb_image src=&#8220;https:\/\/www.gut-muellerhof.de\/wp-content\/uploads\/2021\/08\/b68e54b1-f3b8-4589-acaa-a3df4f128d5c.jpg&#8220; title_text=&#8220;b68e54b1-f3b8-4589-acaa-a3df4f128d5c&#8220; _builder_version=&#8220;4.9.7&#8243; _module_preset=&#8220;default&#8220; hover_enabled=&#8220;0&#8243; sticky_enabled=&#8220;0&#8243;][\/et_pb_image][\/et_pb_column][et_pb_column type=&#8220;1_3&#8243; _builder_version=&#8220;4.9.7&#8243; _module_preset=&#8220;default&#8220;][et_pb_image src=&#8220;https:\/\/www.gut-muellerhof.de\/wp-content\/uploads\/2021\/08\/d7938c09-5595-4efa-8c3e-6ac460578f6f.jpg&#8220; title_text=&#8220;d7938c09-5595-4efa-8c3e-6ac460578f6f&#8220; _builder_version=&#8220;4.9.7&#8243; _module_preset=&#8220;default&#8220; hover_enabled=&#8220;0&#8243; sticky_enabled=&#8220;0&#8243;][\/et_pb_image][\/et_pb_column][\/et_pb_row][\/et_pb_section][et_pb_section fb_built=&#8220;1&#8243; _builder_version=&#8220;4.9.7&#8243; _module_preset=&#8220;default&#8220; custom_padding=&#8220;6px||6px|||&#8220;][et_pb_row _builder_version=&#8220;4.9.7&#8243; _module_preset=&#8220;default&#8220; custom_padding=&#8220;4px|||||&#8220;][et_pb_column type=&#8220;4_4&#8243; _builder_version=&#8220;4.9.7&#8243; _module_preset=&#8220;default&#8220;][et_pb_video src=&#8220;https:\/\/www.gut-muellerhof.de\/wp-content\/uploads\/2021\/08\/VIDEO-2021-07-15-09-57-03.mp4&#8243; _builder_version=&#8220;4.9.7&#8243; _module_preset=&#8220;default&#8220;][\/et_pb_video][\/et_pb_column][\/et_pb_row][\/et_pb_section]<\/p>\n","protected":false},"excerpt":{"rendered":"<p>Um eines vorweg zu schicken: Die Hochwasserkatastrophe an der Ahr und Erft war f\u00fcr die Betroffenen derart schlimm, da\u00df man es kaum glauben mag, was da abging. Hier bei uns an der Wupper war es bedrohlich und die Einwohner von Leichlingen \u2013 insbesondere in der tief gelegenen Innenstadt \u2013 hat es wirklich auch brutal getroffen. [&hellip;]<\/p>\n","protected":false},"author":1,"featured_media":1240,"comment_status":"open","ping_status":"open","sticky":false,"template":"","format":"standard","meta":{"_acf_changed":false,"_et_pb_use_builder":"on","_et_pb_old_content":"","_et_gb_content_width":"","footnotes":""},"categories":[9],"tags":[],"class_list":["post-1220","post","type-post","status-publish","format-standard","has-post-thumbnail","hentry","category-umwelt-und-natur"],"acf":[],"_links":{"self":[{"href":"https:\/\/www.gut-muellerhof.de\/index.php?rest_route=\/wp\/v2\/posts\/1220","targetHints":{"allow":["GET"]}}],"collection":[{"href":"https:\/\/www.gut-muellerhof.de\/index.php?rest_route=\/wp\/v2\/posts"}],"about":[{"href":"https:\/\/www.gut-muellerhof.de\/index.php?rest_route=\/wp\/v2\/types\/post"}],"author":[{"embeddable":true,"href":"https:\/\/www.gut-muellerhof.de\/index.php?rest_route=\/wp\/v2\/users\/1"}],"replies":[{"embeddable":true,"href":"https:\/\/www.gut-muellerhof.de\/index.php?rest_route=%2Fwp%2Fv2%2Fcomments&post=1220"}],"version-history":[{"count":8,"href":"https:\/\/www.gut-muellerhof.de\/index.php?rest_route=\/wp\/v2\/posts\/1220\/revisions"}],"predecessor-version":[{"id":1248,"href":"https:\/\/www.gut-muellerhof.de\/index.php?rest_route=\/wp\/v2\/posts\/1220\/revisions\/1248"}],"wp:featuredmedia":[{"embeddable":true,"href":"https:\/\/www.gut-muellerhof.de\/index.php?rest_route=\/wp\/v2\/media\/1240"}],"wp:attachment":[{"href":"https:\/\/www.gut-muellerhof.de\/index.php?rest_route=%2Fwp%2Fv2%2Fmedia&parent=1220"}],"wp:term":[{"taxonomy":"category","embeddable":true,"href":"https:\/\/www.gut-muellerhof.de\/index.php?rest_route=%2Fwp%2Fv2%2Fcategories&post=1220"},{"taxonomy":"post_tag","embeddable":true,"href":"https:\/\/www.gut-muellerhof.de\/index.php?rest_route=%2Fwp%2Fv2%2Ftags&post=1220"}],"curies":[{"name":"wp","href":"https:\/\/api.w.org\/{rel}","templated":true}]}}