{"id":1215,"date":"2021-08-10T07:24:15","date_gmt":"2021-08-10T07:24:15","guid":{"rendered":"https:\/\/www.gut-muellerhof.de\/?p=1215"},"modified":"2021-08-11T08:19:54","modified_gmt":"2021-08-11T08:19:54","slug":"heuernte-2021","status":"publish","type":"post","link":"https:\/\/www.gut-muellerhof.de\/?p=1215","title":{"rendered":"Heuernte 2021"},"content":{"rendered":"\n\n[et_pb_section fb_built=&#8220;1&#8243; custom_padding_last_edited=&#8220;on|phone&#8220; admin_label=&#8220;About&#8220; _builder_version=&#8220;4.6.5&#8243; background_enable_image=&#8220;off&#8220; custom_margin=&#8220;-8px|||||&#8220; custom_padding=&#8220;44px||130px|||&#8220; custom_padding_tablet=&#8220;50px||||false|false&#8220; custom_padding_phone=&#8220;&#8220;][et_pb_row _builder_version=&#8220;4.4.4&#8243; custom_padding=&#8220;||0px|||&#8220; hover_enabled=&#8220;0&#8243; sticky_enabled=&#8220;0&#8243;][et_pb_column type=&#8220;4_4&#8243; _builder_version=&#8220;4.4.4&#8243;][et_pb_text _builder_version=&#8220;4.9.7&#8243; _module_preset=&#8220;default&#8220; hover_enabled=&#8220;0&#8243; sticky_enabled=&#8220;0&#8243;]<p><span style=\"caret-color: #000000; color: #000000; font-family: Calibri, sans-serif; font-size: 14.666666984558105px; font-style: normal; font-variant-caps: normal; font-weight: normal; letter-spacing: normal; orphans: auto; text-align: start; text-indent: 0px; text-transform: none; white-space: normal; widows: auto; word-spacing: 0px; -webkit-text-size-adjust: auto; -webkit-text-stroke-width: 0px; text-decoration: none; display: inline !important; float: none;\">F\u00fcr unsere Heuernte hielt der Juni den passenden Sonnenkorridor bereit. Die hohen Niederschl\u00e4ge im Sp\u00e4twinter und Fr\u00fchjahr hat den Heuwiesen gut getan. Wir haben so sp\u00e4t wie m\u00f6glich mit dem M\u00e4hen begonnen und genau den Zeitpunkt getroffen das das Gras ausgesamt hat. Die kleinen Fl\u00e4chen um das Gest\u00fct haben wir selbst gem\u00e4ht \u2013 an den gro\u00dfen Wupperweiden hat uns wie immer ein erfahrener befreundeter Landwirt geholfen. <\/span><\/p>\n<p><span style=\"caret-color: #000000; color: #000000; font-family: Calibri, sans-serif; font-size: 14.666666984558105px; font-style: normal; font-variant-caps: normal; font-weight: normal; letter-spacing: normal; orphans: auto; text-align: start; text-indent: 0px; text-transform: none; white-space: normal; widows: auto; word-spacing: 0px; -webkit-text-size-adjust: auto; -webkit-text-stroke-width: 0px; text-decoration: none; display: inline !important; float: none;\">Insgesamt haben wir \u00fcber 100 Tonnen Heu erzeugt. Gepresst haben wir in locker gewickelten Rundballen zu ca. 210 KG. Im August, nach zwei Monaten luftiger Ruhezeit lassen wir den Futter- und Mineralwert bei AG FUKO analysieren. Das Ergebnis d\u00fcrfte interessant werden weil wir fast zu 90 % reine Pferdeweide einges\u00e4t haben. Die Analysen ver\u00f6ffentlichen wir hier im August.<\/span><\/p>[\/et_pb_text][\/et_pb_column][\/et_pb_row][\/et_pb_section][et_pb_section fb_built=&#8220;1&#8243; admin_label=&#8220;Footer&#8220; _builder_version=&#8220;4.6.5&#8243; use_background_color_gradient=&#8220;on&#8220; background_color_gradient_start=&#8220;#1f1f26&#8243; background_color_gradient_end=&#8220;rgba(31,31,38,0.71)&#8220; background_color_gradient_overlays_image=&#8220;on&#8220; background_image=&#8220;https:\/\/www.gut-muellerhof.de\/wp-content\/uploads\/2020\/11\/Querformat-Kontaktformular-1.jpg&#8220; custom_margin=&#8220;0vw||302vw||false|false&#8220; custom_padding=&#8220;0vw||0vw||false|false&#8220; global_module=&#8220;331&#8243; saved_tabs=&#8220;all&#8220; locked=&#8220;off&#8220;][\/et_pb_section]\n\n","protected":false},"excerpt":{"rendered":"<p>F\u00fcr unsere Heuernte hielt der Juni den passenden Sonnenkorridor bereit. Die hohen Niederschl\u00e4ge im Sp\u00e4twinter und Fr\u00fchjahr hat den Heuwiesen gut getan. Wir haben so sp\u00e4t wie m\u00f6glich mit dem M\u00e4hen begonnen und genau den Zeitpunkt getroffen das das Gras ausgesamt hat. Die kleinen Fl\u00e4chen um das Gest\u00fct haben wir selbst gem\u00e4ht \u2013 an den [&hellip;]<\/p>\n","protected":false},"author":1,"featured_media":1242,"comment_status":"open","ping_status":"open","sticky":false,"template":"","format":"standard","meta":{"_acf_changed":false,"_et_pb_use_builder":"on","_et_pb_old_content":"","_et_gb_content_width":"","footnotes":""},"categories":[9],"tags":[],"class_list":["post-1215","post","type-post","status-publish","format-standard","has-post-thumbnail","hentry","category-umwelt-und-natur"],"acf":[],"_links":{"self":[{"href":"https:\/\/www.gut-muellerhof.de\/index.php?rest_route=\/wp\/v2\/posts\/1215","targetHints":{"allow":["GET"]}}],"collection":[{"href":"https:\/\/www.gut-muellerhof.de\/index.php?rest_route=\/wp\/v2\/posts"}],"about":[{"href":"https:\/\/www.gut-muellerhof.de\/index.php?rest_route=\/wp\/v2\/types\/post"}],"author":[{"embeddable":true,"href":"https:\/\/www.gut-muellerhof.de\/index.php?rest_route=\/wp\/v2\/users\/1"}],"replies":[{"embeddable":true,"href":"https:\/\/www.gut-muellerhof.de\/index.php?rest_route=%2Fwp%2Fv2%2Fcomments&post=1215"}],"version-history":[{"count":3,"href":"https:\/\/www.gut-muellerhof.de\/index.php?rest_route=\/wp\/v2\/posts\/1215\/revisions"}],"predecessor-version":[{"id":1236,"href":"https:\/\/www.gut-muellerhof.de\/index.php?rest_route=\/wp\/v2\/posts\/1215\/revisions\/1236"}],"wp:featuredmedia":[{"embeddable":true,"href":"https:\/\/www.gut-muellerhof.de\/index.php?rest_route=\/wp\/v2\/media\/1242"}],"wp:attachment":[{"href":"https:\/\/www.gut-muellerhof.de\/index.php?rest_route=%2Fwp%2Fv2%2Fmedia&parent=1215"}],"wp:term":[{"taxonomy":"category","embeddable":true,"href":"https:\/\/www.gut-muellerhof.de\/index.php?rest_route=%2Fwp%2Fv2%2Fcategories&post=1215"},{"taxonomy":"post_tag","embeddable":true,"href":"https:\/\/www.gut-muellerhof.de\/index.php?rest_route=%2Fwp%2Fv2%2Ftags&post=1215"}],"curies":[{"name":"wp","href":"https:\/\/api.w.org\/{rel}","templated":true}]}}